{"id":268101,"date":"2026-09-04T04:57:12","date_gmt":"2026-09-04T04:57:12","guid":{"rendered":"https:\/\/www.europesays.com\/ee\/268101\/"},"modified":"2026-09-04T04:57:12","modified_gmt":"2026-09-04T04:57:12","slug":"priit-aimla-19-iv-1941-28-viii-2026","status":"publish","type":"post","link":"https:\/\/www.europesays.com\/ee\/268101\/","title":{"rendered":"Priit Aimla 19. IV 1941 \u2013 28. VIII 2026"},"content":{"rendered":"<p class=\"wp-block-paragraph\">Priit Aimla ei olnud lihtsalt eesti humorist, kirjanik ja poliitik: ta oli maam\u00e4rk, teerajaja, hea inimene, hea isa, pooleldi vastu tahtmist ka \u00fche ajastu h\u00e4\u00e4l ja n\u00e4gu.<\/p>\n<p class=\"wp-block-paragraph\">Aimla \u00f5petas meile, et l\u00f5viosa loomadest moodustavad ahvid, et m\u00f5ne inimese palk v\u00f5ib olla teisel pinnuks silmas ja et humoristist v\u00f5ib saada kohuse\u00adtundlik kodanik ja parlamendiliige. Et selleks, et olla hea isa, ei pea olema kehv kunstnik.<\/p>\n<p class=\"wp-block-paragraph\">Lapselaps Laura V\u00f5igemast on Aimla koomiku- ja kirjanikukarj\u00e4\u00e4ri algust kirjeldanud nii: \u201eVanaisa l\u00e4ks t\u00f6\u00f6le Tallinna Ekskursiooni- ja Reisib\u00fcroo Tartu filiaali juhatajaks, hakkas b\u00fcroo jaoks reklaami kirjutama ning kirjutas kogemata pooleteisttunnise kuuldem\u00e4ngu ja seej\u00e4rel l\u00e4kski hoopis Rametosse (raadio meelelahutussaadete toimetusse) t\u00f6\u00f6le. Kuuldem\u00e4ngu pealkiri oli \u201eS\u00fcdasuvi talve s\u00fcdames\u201c ja selle kandsid ette Panso ja J\u00e4rvet. Nii lendas ta turismivaldkonnast otse raadiosse.\u201c<\/p>\n<p class=\"wp-block-paragraph\">Isegi kui n\u00fc\u00fcdsed lavakoomikud v\u00e4idavad, et lavahuumor on p\u00e4rit USAst ja meil siin puudus oma kogemus, l\u00f5id Priit Aimla ja tema kamraadid \u201eMeele\u00adjahutajas\u201c (alates 1973) uue eesti lavahuumorikultuuri, mis makaabril moel hiilis m\u00f6\u00f6da n\u00f5ukogude j\u00f5leaja v\u00f5imaluste piire.<\/p>\n<p class=\"wp-block-paragraph\">See polnud lihtsalt jada esinemisi maakonnapublikule, vaid alati ka eetri\u00adk\u00f5lbulik programm, millele Aimla kirwjutas toonastest huumorikirjanikest enim materjali (tema esimene raamat \u201eNaliaad\u201c (1973) on siiani paljudele eeskujuks). M\u00e4letame ta tekste tolle aja k\u00f5ige \u00e4ssemate n\u00e4itlejate ettekandes, aga hiljem ka tema enda v\u00f5luvas, jahedav\u00f5itu muigega esituses. Aastal 1987 hinnati teda Oskar Lutsu huumori\u00adpreemiaga, 1990 sai temast esimene Meie Mats.<\/p>\n<p class=\"wp-block-paragraph\">Aimla ei peljanud alla kirjutada \u201eNeljak\u00fcmne kirjale\u201c ja uue aja tulles sai temast poolkogemata poliitik: Eesti esimese protestipartei Kuningriiklaste (toetaja)liige, kes riigikogu \u00f5iguskomisjonis vaimustus t\u00f6\u00f6st seaduseloomega ning valiti Keskerakonna ridades ka j\u00e4rgmisse parlamendi koosseisu. 1999 liitus Aimla M\u00f5\u00f5dukatega (n\u00fc\u00fcdne Sotsiaal\u00addemokraatlik Erakond).<\/p>\n<p class=\"wp-block-paragraph\">Paljud meist m\u00e4letavad \u201e\u00dcle linna Vinski\u201c ja \u201eOnu Tik-Taki seikluste\u201c laule, \u201eP\u00e4kapikula\u201c imelist sarja, koost\u00f6\u00f6d teise oma aja kabareegeeniuse J\u00fcri Aarmaga (\u201e\u00c4rge j\u00e4tke mind \u00fcksi, kui \u2026\u201c). Aimla on soe ja kodune kummitus me peas ja hinges!<\/p>\n<p class=\"wp-block-paragraph\">Kui takkaj\u00e4rele Priit Aimla humoreske \u00fcle kuulata, m\u00e4rkame tihti, et ta j\u00e4\u00e4b justkui teksti keskel m\u00f5tisklema \u2013 kas keele v\u00f5i \u00fcldse tolle me elu \u00fcle. Ta ei pelga v\u00f5imalust, et kohe esimese asjana ei tule naer, vaid pigem m\u00f5te, m\u00f5ttest t\u00e4rkab nali, veider \u00e4raolemine ja arusaamine.<\/p>\n<p class=\"wp-block-paragraph\">Eesti lavahuumori isa, eesti koomika kaval kuradikene, eesti parlamentaarne s\u00fcdamlik vanapagan, kes andis me seadusandluse s\u00fcnnile salamahti suuniseid.<\/p>\n<p class=\"wp-block-paragraph\">Mida me saanuks talt veel tahta? T\u00f5si: siiamaani v\u00f5itleks ta tolle vastu, et loomad loomaaias elavad lausa loomalikes tingimustes, ja n\u00f5uaks ka meile, inimloomadele, olemiseks \u00fcdini inimlikku jurajumblit.<\/p>\n<p class=\"wp-block-paragraph\">Ole inimene v\u00f5i v\u00e4hemasti saa inimeseks \u2013 see oleks minimaalne priit\u00adaimlalik eesm\u00e4rk meile k\u00f5igile.<\/p>\n<p class=\"wp-block-paragraph\">J\u00fcrgen Rooste<\/p>\n<p class=\"wp-block-paragraph\">ja Eesti Kirjanike Liit<\/p>\n","protected":false},"excerpt":{"rendered":"Priit Aimla ei olnud lihtsalt eesti humorist, kirjanik ja poliitik: ta oli maam\u00e4rk, teerajaja, hea inimene, hea isa,&hellip;\n","protected":false},"author":2,"featured_media":268102,"comment_status":"","ping_status":"","sticky":false,"template":"","format":"standard","meta":{"footnotes":"","_share_on_mastodon":"0"},"categories":[16],"tags":[37,33,35,173,34,36,20682,140],"class_list":["post-268101","post","type-post","status-publish","format-standard","has-post-thumbnail","category-meelelahutus","tag-ee","tag-eesti","tag-eesti-keel","tag-entertainment","tag-estonia","tag-estonian","tag-in-memoriam","tag-meelelahutus"],"share_on_mastodon":{"url":"https:\/\/pubeurope.com\/@ee\/117211001776469425","error":""},"_links":{"self":[{"href":"https:\/\/www.europesays.com\/ee\/wp-json\/wp\/v2\/posts\/268101","targetHints":{"allow":["GET"]}}],"collection":[{"href":"https:\/\/www.europesays.com\/ee\/wp-json\/wp\/v2\/posts"}],"about":[{"href":"https:\/\/www.europesays.com\/ee\/wp-json\/wp\/v2\/types\/post"}],"author":[{"embeddable":true,"href":"https:\/\/www.europesays.com\/ee\/wp-json\/wp\/v2\/users\/2"}],"replies":[{"embeddable":true,"href":"https:\/\/www.europesays.com\/ee\/wp-json\/wp\/v2\/comments?post=268101"}],"version-history":[{"count":0,"href":"https:\/\/www.europesays.com\/ee\/wp-json\/wp\/v2\/posts\/268101\/revisions"}],"wp:featuredmedia":[{"embeddable":true,"href":"https:\/\/www.europesays.com\/ee\/wp-json\/wp\/v2\/media\/268102"}],"wp:attachment":[{"href":"https:\/\/www.europesays.com\/ee\/wp-json\/wp\/v2\/media?parent=268101"}],"wp:term":[{"taxonomy":"category","embeddable":true,"href":"https:\/\/www.europesays.com\/ee\/wp-json\/wp\/v2\/categories?post=268101"},{"taxonomy":"post_tag","embeddable":true,"href":"https:\/\/www.europesays.com\/ee\/wp-json\/wp\/v2\/tags?post=268101"}],"curies":[{"name":"wp","href":"https:\/\/api.w.org\/{rel}","templated":true}]}}