{"id":268127,"date":"2026-09-04T05:24:37","date_gmt":"2026-09-04T05:24:37","guid":{"rendered":"https:\/\/www.europesays.com\/ee\/268127\/"},"modified":"2026-09-04T05:24:37","modified_gmt":"2026-09-04T05:24:37","slug":"keskerakond-presidendivalimistel-haaletussedeleid-valja-ei-vota","status":"publish","type":"post","link":"https:\/\/www.europesays.com\/ee\/268127\/","title":{"rendered":"Keskerakond presidendivalimistel h\u00e4\u00e4letussedeleid v\u00e4lja ei v\u00f5ta"},"content":{"rendered":"<p>BNS teatab, et Eesti Keskerakonna saadikud kolmap\u00e4eval presidendi valimise esimeses h\u00e4\u00e4letusvoorus h\u00e4\u00e4letussedeleid v\u00e4lja ei v\u00f5ta ning seega presidendi m\u00e4\u00e4ramise protsessis ei osale, kinnitas Riigikogu Keskerakonna fraktsiooni esimees Lauri Laats.<\/p>\n<p>\u201cKeskerakond toetab presidendi otsevalimisi. Jah, praegune valimiss\u00fcsteem seda ei v\u00f5imalda, kuid seda enam oleksid k\u00f5ik erakonnad pidanud panustama sellesse, et rahvas oleks presidendivalimiste protsessi v\u00f5imalikult palju kaasatud,\u201d lausus Lauri Laats. \u201cParaku on presidendivalimiste protsess kujundatud erakondade tagatubades. Sellega on presidendivalimisi diskrediteeritud ning rahvast sellest protsessist veelgi enam v\u00f5\u00f5randatud. Kandidaat toodi avalikkuse ette alles kaks n\u00e4dalat enne valimisi ning inimestel ei olnud sisuliselt v\u00f5imalust tutvuda presidendikandidaadi seisukohtadega ega saada vastust k\u00fcsimusele, milliseks presidendiks \u00dclle Madise kujuneks.\u201d<\/p>\n<p>Lauri Laatsi s\u00f5nul j\u00e4\u00e4b Keskerakonna fraktsioon kindlaks oma varem kujundatud seisukohale. \u201cV\u00f5tsime \u00fchiselt vastu otsuse, et me ei v\u00f5ta esimeses h\u00e4\u00e4letusvoorus sedeleid v\u00e4lja. See on k\u00f5ige ausam ja l\u00e4bipaistvam l\u00e4henemine \u2013 vabas Eestis on Riigikogu liikmel vabadus h\u00e4\u00e4letada, aga ka vabadus h\u00e4\u00e4letamisest loobuda,\u201d \u00fctles Keskerakonna saadik.<\/p>\n<p>Lauri Laats lisas, et selliselt tegutsedes ei ole v\u00f5imalik Keskerakonda siduda erinevate poliitiliste kokkulepete ega tagatoa intriigidega. \u201cKuigi \u00dclle Madise kandidatuuri esitasid neli erakonda, ei ole sugugi kindel, et k\u00f5ik tema kandidatuuri toetuseks allkirja andnud saadikud ka salajasel h\u00e4\u00e4letusel tema taga on. Keskerakonna seisukoht on seevastu selge ja l\u00e4bipaistev \u2013 meie selles m\u00e4\u00e4ramise protsessis ei osale,\u201d r\u00e4\u00e4kis Lauri Laats.<\/p>\n","protected":false},"excerpt":{"rendered":"BNS teatab, et Eesti Keskerakonna saadikud kolmap\u00e4eval presidendi valimise esimeses h\u00e4\u00e4letusvoorus h\u00e4\u00e4letussedeleid v\u00e4lja ei v\u00f5ta ning seega presidendi&hellip;\n","protected":false},"author":2,"featured_media":268128,"comment_status":"","ping_status":"","sticky":false,"template":"","format":"standard","meta":{"footnotes":"","_share_on_mastodon":"0"},"categories":[5],"tags":[26,27,37,33,35,34,36,31,32,21,39429,819,28,29,582,19,25,640,23,24,22,3457,20,30],"class_list":["post-268127","post","type-post","status-publish","format-standard","has-post-thumbnail","category-uldised-uudised","tag-breaking-news","tag-breakingnews","tag-ee","tag-eesti","tag-eesti-keel","tag-estonia","tag-estonian","tag-featured-news","tag-featurednews","tag-headlines","tag-kandidatuur","tag-keskerakond","tag-latest-news","tag-latestnews","tag-lauri-laats","tag-news","tag-populaarseimad-lood","tag-riigikogu","tag-top-stories","tag-topstories","tag-uldised-uudised","tag-ulle-madise","tag-uudised","tag-viimased-uudised"],"share_on_mastodon":{"url":"https:\/\/pubeurope.com\/@ee\/117211107302244989","error":""},"_links":{"self":[{"href":"https:\/\/www.europesays.com\/ee\/wp-json\/wp\/v2\/posts\/268127","targetHints":{"allow":["GET"]}}],"collection":[{"href":"https:\/\/www.europesays.com\/ee\/wp-json\/wp\/v2\/posts"}],"about":[{"href":"https:\/\/www.europesays.com\/ee\/wp-json\/wp\/v2\/types\/post"}],"author":[{"embeddable":true,"href":"https:\/\/www.europesays.com\/ee\/wp-json\/wp\/v2\/users\/2"}],"replies":[{"embeddable":true,"href":"https:\/\/www.europesays.com\/ee\/wp-json\/wp\/v2\/comments?post=268127"}],"version-history":[{"count":0,"href":"https:\/\/www.europesays.com\/ee\/wp-json\/wp\/v2\/posts\/268127\/revisions"}],"wp:featuredmedia":[{"embeddable":true,"href":"https:\/\/www.europesays.com\/ee\/wp-json\/wp\/v2\/media\/268128"}],"wp:attachment":[{"href":"https:\/\/www.europesays.com\/ee\/wp-json\/wp\/v2\/media?parent=268127"}],"wp:term":[{"taxonomy":"category","embeddable":true,"href":"https:\/\/www.europesays.com\/ee\/wp-json\/wp\/v2\/categories?post=268127"},{"taxonomy":"post_tag","embeddable":true,"href":"https:\/\/www.europesays.com\/ee\/wp-json\/wp\/v2\/tags?post=268127"}],"curies":[{"name":"wp","href":"https:\/\/api.w.org\/{rel}","templated":true}]}}