{"id":26813,"date":"2025-10-24T15:21:08","date_gmt":"2025-10-24T15:21:08","guid":{"rendered":"https:\/\/www.europesays.com\/ee\/26813\/"},"modified":"2025-10-24T15:21:08","modified_gmt":"2025-10-24T15:21:08","slug":"suur-galerii-tallinn-fashion-weeki-teise-paeva-moepublik-anne-stiil","status":"publish","type":"post","link":"https:\/\/www.europesays.com\/ee\/26813\/","title":{"rendered":"SUUR GALERII | Tallinn Fashion Weeki teise p\u00e4eva moepublik &#8211; Anne &amp; Stiil"},"content":{"rendered":"<ol>\n<li><a href=\"https:\/\/news.google.com\/rss\/articles\/CBMipAFBVV95cUxOTXRyeDl2bHpLYlBuVldZc21IWUpWUkR3LTVHMTloYW4wMVFVQWVYSmtyMmVjYUZzZ090Z1dWX0F4R3NMV3FGRnFGVTlTbVJSZUhTSlhnajhCMzhmWC1qeDhXdkNQbnY0dXdrRjc1MnV6cDBrZE1KOEk5V19SZ1pOTUpzSnhiVGJ3NDVScEVrcHBGcFVmb0N3Y2xjN3hOV3pEMGJrbg?oc=5\" target=\"_blank\" rel=\"nofollow noopener\">SUUR GALERII | Tallinn Fashion Weeki teise p\u00e4eva moepublik<\/a>&nbsp;&nbsp;Anne &amp; Stiil<\/li>\n<li><a href=\"https:\/\/news.google.com\/rss\/articles\/CBMivAFBVV95cUxOa1hEWVg5c2Vqa1I1MHF4aVI4NklNaXJ6b1lkdzdXaWN5Mlg5QkhIUXB4VlVzQWl0T255REZUaHRrWjNQUXhFUUtMbjJfV2JWaUtDUEJDTjVRVjVJZ1JNa0pPSnZHNzJSSUN2clNpVUNmYnM2YVhMR01ZbzdWU0pmbkhBODRiLTRUTnFJNEVGRi1GNUxjTi11VzVJaEVJeWxCTS1tSE4tOHR1WTE2UFZxMzZyZ2R6WjMyZE44ZQ?oc=5\" target=\"_blank\" rel=\"nofollow noopener\">VIDEO | Eesti staarid jagavad moekogemusi! Strippar Marco: \u00f5udne, inimesed on masenduses!<\/a>&nbsp;&nbsp;\u00d5htuleht<\/li>\n<li><a href=\"https:\/\/news.google.com\/rss\/articles\/CBMimAFBVV95cUxOSm9LNjhzYnFfRWtuSFExTzlHM1h3QVpXUXNXbGN0Rk5WQldVdFNMTEFOZkttRVJGX29kWV9TR2ZOUk9yY0doa2RQZno5Z0tDZ1MySi1DUmo0VVhrTnB1ejZvc0NKeDRUZVZ0LXgzdlNUMkM4LTROZ3ZvNkVEdGN6b1VNeGdaRUVoenRjaDRvQ0ZGTU5rMXdRaQ?oc=5\" target=\"_blank\" rel=\"nofollow noopener\">UUS T\u00c4HT \u27e9 Selgus Eesti t\u00e4htsaima moeauhinna Kuldn\u00f5el v\u00f5itja<\/a>&nbsp;&nbsp;Postimees<\/li>\n<li><a href=\"https:\/\/news.google.com\/rss\/articles\/CBMifkFVX3lxTFB5OVNMTGZxVGNXdU5tQnpPcnhRUzNqMVJsSFhKbW9JTWYycW5WVjdsS1ZsVVhpRzNLYVIxVVIxOC1fNUZpcko0eGRpa0dSUndObmF4ZHFYRjlpOHRKTnNnNUpMci0yUGs3MGM1LTU3WFJJY1dsS1UyYndPRkM0QQ?oc=5\" target=\"_blank\" rel=\"nofollow noopener\">Galerii: Kuldn\u00f5ela p\u00e4lvis Kirill Safonov<\/a>&nbsp;&nbsp;ERR<\/li>\n<li><a href=\"https:\/\/news.google.com\/rss\/articles\/CBMi6AFBVV95cUxNUUk3eVBmaVRTMUwxZmVpeTlHZGJ0cm1GeHducHlOMGNmSFJlM3NrNUxIb1Y5Q1l0WjM5ZUlha1BDMXJfeEUtenp4V3k0WXJmY3RXeWlrM3c0UTB0Qmt3MmV1VW1hNVphUUZDVzlmTjV5V2lJVFkwV29HX2JLZTlNaXFvcjUtWWswV0JySk9hd1lXUWJPeU9MSjMwa0owUkdKMUxqbkJkZW9VaUxoNmxJTDBtbDQ0d00xd0FlZndtWElmX2RXa2JvWHY4Z2xCckJtZjJXakp0LWFOT011WUI0bXFmMjFqTDho?oc=5\" target=\"_blank\" rel=\"nofollow noopener\">VIDEO | \u201ePol\u00fcester v\u00f5itis, kurb!\u201c Katrin Kuldma pahandas, et Kuldn\u00f5el Kirill Safonovile l\u00e4ks: see materjal ei ole nahale hea!<\/a>&nbsp;&nbsp;\u00d5htuleht<\/li>\n<\/ol>\n","protected":false},"excerpt":{"rendered":"SUUR GALERII | Tallinn Fashion Weeki teise p\u00e4eva moepublik&nbsp;&nbsp;Anne &amp; Stiil VIDEO | Eesti staarid jagavad moekogemusi! Strippar&hellip;\n","protected":false},"author":2,"featured_media":26814,"comment_status":"","ping_status":"","sticky":false,"template":"","format":"standard","meta":{"footnotes":"","_share_on_mastodon":"0"},"categories":[16],"tags":[37,33,35,8335,173,34,36,232,14010,140,3336,8337],"class_list":["post-26813","post","type-post","status-publish","format-standard","has-post-thumbnail","category-meelelahutus","tag-ee","tag-eesti","tag-eesti-keel","tag-eesti-mood","tag-entertainment","tag-estonia","tag-estonian","tag-galerii","tag-hobenoel","tag-meelelahutus","tag-moenadal","tag-tallinna-moenadal"],"share_on_mastodon":{"url":"https:\/\/pubeurope.com\/@ee\/115429827050991809","error":""},"_links":{"self":[{"href":"https:\/\/www.europesays.com\/ee\/wp-json\/wp\/v2\/posts\/26813","targetHints":{"allow":["GET"]}}],"collection":[{"href":"https:\/\/www.europesays.com\/ee\/wp-json\/wp\/v2\/posts"}],"about":[{"href":"https:\/\/www.europesays.com\/ee\/wp-json\/wp\/v2\/types\/post"}],"author":[{"embeddable":true,"href":"https:\/\/www.europesays.com\/ee\/wp-json\/wp\/v2\/users\/2"}],"replies":[{"embeddable":true,"href":"https:\/\/www.europesays.com\/ee\/wp-json\/wp\/v2\/comments?post=26813"}],"version-history":[{"count":0,"href":"https:\/\/www.europesays.com\/ee\/wp-json\/wp\/v2\/posts\/26813\/revisions"}],"wp:featuredmedia":[{"embeddable":true,"href":"https:\/\/www.europesays.com\/ee\/wp-json\/wp\/v2\/media\/26814"}],"wp:attachment":[{"href":"https:\/\/www.europesays.com\/ee\/wp-json\/wp\/v2\/media?parent=26813"}],"wp:term":[{"taxonomy":"category","embeddable":true,"href":"https:\/\/www.europesays.com\/ee\/wp-json\/wp\/v2\/categories?post=26813"},{"taxonomy":"post_tag","embeddable":true,"href":"https:\/\/www.europesays.com\/ee\/wp-json\/wp\/v2\/tags?post=26813"}],"curies":[{"name":"wp","href":"https:\/\/api.w.org\/{rel}","templated":true}]}}