{"id":268149,"date":"2026-09-04T05:56:09","date_gmt":"2026-09-04T05:56:09","guid":{"rendered":"https:\/\/www.europesays.com\/ee\/268149\/"},"modified":"2026-09-04T05:56:09","modified_gmt":"2026-09-04T05:56:09","slug":"argentina-president-viitas-voimalusele-falklandi-saared-tagasi-saada","status":"publish","type":"post","link":"https:\/\/www.europesays.com\/ee\/268149\/","title":{"rendered":"Argentina president viitas v\u00f5imalusele Falklandi saared tagasi saada"},"content":{"rendered":"<p>Argentina president Javier Milei \u00fctles neljap\u00e4eval, et muutuste tuuled soosivad Argentina n\u00f5udeid Falklandi saartele, ning viitas Washingtoni valmisolekule vaadata \u00fcle oma neutraalsus Argentina ja Suurbritannia vahelises territoriaalvaidluses.<\/p>\n<p>\u00abMaailmas puhuvad muutuste tuuled, mis soosivad meie n\u00f5udmisi,\u00bb \u00fctles Milei riigitelevisioonis peetud k\u00f5nes Suurbritannia territooriumiks oleva L\u00f5una-Atlandi saarestiku kohta.<\/p>\n","protected":false},"excerpt":{"rendered":"Argentina president Javier Milei \u00fctles neljap\u00e4eval, et muutuste tuuled soosivad Argentina n\u00f5udeid Falklandi saartele, ning viitas Washingtoni valmisolekule&hellip;\n","protected":false},"author":2,"featured_media":268150,"comment_status":"","ping_status":"","sticky":false,"template":"","format":"standard","meta":{"footnotes":"","_share_on_mastodon":"0"},"categories":[80],"tags":[587,5000,26,27,324,37,33,35,34,36,30376,31,32,21,11619,28,29,95,19,25,660,23,24,22,20,30,92,93,94],"class_list":["post-268149","post","type-post","status-publish","format-standard","has-post-thumbnail","category-maailm","tag-ameerika-uhendriigid","tag-argentina","tag-breaking-news","tag-breakingnews","tag-donald-trump","tag-ee","tag-eesti","tag-eesti-keel","tag-estonia","tag-estonian","tag-falklandi-saared","tag-featured-news","tag-featurednews","tag-headlines","tag-javier-milei","tag-latest-news","tag-latestnews","tag-maailm","tag-news","tag-populaarseimad-lood","tag-suurbritannia","tag-top-stories","tag-topstories","tag-uldised-uudised","tag-uudised","tag-viimased-uudised","tag-world","tag-world-news","tag-worldnews"],"share_on_mastodon":{"url":"https:\/\/pubeurope.com\/@ee\/117211233302354588","error":""},"_links":{"self":[{"href":"https:\/\/www.europesays.com\/ee\/wp-json\/wp\/v2\/posts\/268149","targetHints":{"allow":["GET"]}}],"collection":[{"href":"https:\/\/www.europesays.com\/ee\/wp-json\/wp\/v2\/posts"}],"about":[{"href":"https:\/\/www.europesays.com\/ee\/wp-json\/wp\/v2\/types\/post"}],"author":[{"embeddable":true,"href":"https:\/\/www.europesays.com\/ee\/wp-json\/wp\/v2\/users\/2"}],"replies":[{"embeddable":true,"href":"https:\/\/www.europesays.com\/ee\/wp-json\/wp\/v2\/comments?post=268149"}],"version-history":[{"count":0,"href":"https:\/\/www.europesays.com\/ee\/wp-json\/wp\/v2\/posts\/268149\/revisions"}],"wp:featuredmedia":[{"embeddable":true,"href":"https:\/\/www.europesays.com\/ee\/wp-json\/wp\/v2\/media\/268150"}],"wp:attachment":[{"href":"https:\/\/www.europesays.com\/ee\/wp-json\/wp\/v2\/media?parent=268149"}],"wp:term":[{"taxonomy":"category","embeddable":true,"href":"https:\/\/www.europesays.com\/ee\/wp-json\/wp\/v2\/categories?post=268149"},{"taxonomy":"post_tag","embeddable":true,"href":"https:\/\/www.europesays.com\/ee\/wp-json\/wp\/v2\/tags?post=268149"}],"curies":[{"name":"wp","href":"https:\/\/api.w.org\/{rel}","templated":true}]}}