{"id":268159,"date":"2026-09-04T06:07:12","date_gmt":"2026-09-04T06:07:12","guid":{"rendered":"https:\/\/www.europesays.com\/ee\/268159\/"},"modified":"2026-09-04T06:07:12","modified_gmt":"2026-09-04T06:07:12","slug":"usa-rahandusminister-suudistas-korgetes-energiahindades-ukrainat","status":"publish","type":"post","link":"https:\/\/www.europesays.com\/ee\/268159\/","title":{"rendered":"USA rahandusminister s\u00fc\u00fcdistas k\u00f5rgetes energiahindades Ukrainat"},"content":{"rendered":"<p>P\u00e4rast <a rel=\"noopener nofollow\" target=\"_blank\" href=\"https:\/\/www.delfi.ee\/teema\/78572433\/pohja-carolina\" tag-id=\"78572433\">P\u00f5hja-Carolina<\/a> osariigis toimunud <a rel=\"noopener nofollow\" target=\"_blank\" href=\"https:\/\/www.delfi.ee\/teema\/60859725\/g20\" tag-id=\"60859725\">G20<\/a> rahandusministrite kohtumist, kuhu Valge Maja soovil oli kutsutud ka <a rel=\"noopener nofollow\" target=\"_blank\" href=\"https:\/\/www.delfi.ee\/teema\/3\/venemaa\" tag-id=\"3\">Venemaa<\/a> rahandusminister <a rel=\"noopener nofollow\" target=\"_blank\" href=\"https:\/\/www.delfi.ee\/teema\/65859452\/anton-siluanov\" tag-id=\"65859452\">Anton Siluanov<\/a>, nimetas Bessent \u00fclemaailmse energia\u0161oki osaliseks p\u00f5hjuseks Ukraina r\u00fcnnakuid Venemaa nafta- ja gaasitaristu vastu, vahendab New York Times.<\/p>\n<p>\u201eMe elame praegu l\u00e4bi energia\u0161okki nii s\u00f5ja t\u00f5ttu Ukrainas, sest Ukraina on otsustanud, et nad tahavad Venemaa energiavarad ja rafineeritud tooted \u00f5hku lasta, nii et see tekitab \u00fclespoole hinnasurve \u00fclemaailmselt,\u201c \u00fctles Bessent kolmap\u00e4eval Fox Newsile. \u201eJa siis konflikt <a rel=\"noopener nofollow\" target=\"_blank\" href=\"https:\/\/www.delfi.ee\/teema\/24129493\/iraan\" tag-id=\"24129493\">Iraanis<\/a>. Ja konflikt Iraanis l\u00f5peb.\u201c<\/p>\n<p>Diiselk\u00fctuse hind t\u00f5usis USA-s eile rekordtasemele.<\/p>\n<p>Aprillis kritiseeriti Bessentit sanktsioonide ajutise peatamise t\u00f5ttu Vene naftale, et p\u00fc\u00fcda \u00fclemaailmseid energiahindu alla tuua.<\/p>\n<p>G20 kohtumisel tekitas pahameelt Bessenti kahepoolne kohtumine Siluanoviga, mida Bessent teisip\u00e4eval pressikonverentsil kaitses.<\/p>\n<p>\u201eKahjuks see kohutav konflikt Venemaa ja Ukraina vahel \u2013 kui pooled ei r\u00e4\u00e4gi, kui me ei suhtle, siis kuidas saab seda lahendada?\u201c k\u00fcsis Bessent. \u201eMa tean, et m\u00f5nedel eurooplastel oli hapu maitse, aga ma arvan, et on v\u00e4ga t\u00e4htis suhelda.\u201c<\/p>\n<p>Venemaa valitseja <a rel=\"noopener nofollow\" target=\"_blank\" href=\"https:\/\/www.delfi.ee\/teema\/23342331\/vladimir-putin\" tag-id=\"23342331\">Vladimir Putin<\/a> v\u00e4ljendas sel n\u00e4dalal solidaarsust Iraaniga ning kiitis viimase vaprust ja vastupidavust, m\u00e4rgib New York Times.<\/p>\n<p>New York Timesi ajakirjanike Maggie Habermani ja Jonathan Swani raamatus \u201eRegime Change\u201c (\u201eRe\u017eiimivahetus\u201c) kirjutatakse, et Bessent on nimetanud Ukraina presidenti <a rel=\"noopener nofollow\" target=\"_blank\" href=\"https:\/\/www.delfi.ee\/teema\/85745477\/volodomor-zelenskoi\" tag-id=\"85745477\">Volod\u00f5m\u00f5r Zelensk\u00f5id<\/a> \u201eeurooplaste erivajadustega lapseks\u201c, kes k\u00e4itub nagu \u201ekr\u00e4kki tarvitav Mr. Bean\u201c.<\/p>\n<p>Kuidas see lugu Sind end tundma pani?Saada<a href=\"https:\/\/www.delfi.ee\/artikkel\/120608294\/usa-rahandusminister-suudistas-korgetes-energiahindades-ukrainat\/kommentaarid\" class=\"button button--primary button--size-auto article-body-bottom__comment article-body-bottom__comment--write\" style=\"\" rel=\"nofollow noopener\" target=\"_blank\">Kommenteeri<\/a><a href=\"https:\/\/www.delfi.ee\/artikkel\/120608294\/usa-rahandusminister-suudistas-korgetes-energiahindades-ukrainat\/kommentaarid\" class=\"button button--size-auto article-body-bottom__comment article-body-bottom__comment--read\" style=\"\" rel=\"nofollow noopener\" target=\"_blank\">Loe kommentaare (16)<\/a><\/p>\n","protected":false},"excerpt":{"rendered":"P\u00e4rast P\u00f5hja-Carolina osariigis toimunud G20 rahandusministrite kohtumist, kuhu Valge Maja soovil oli kutsutud ka Venemaa rahandusminister Anton Siluanov,&hellip;\n","protected":false},"author":2,"featured_media":268160,"comment_status":"","ping_status":"","sticky":false,"template":"","format":"standard","meta":{"footnotes":"","_share_on_mastodon":"0"},"categories":[80],"tags":[13423,26,27,37,33,35,34,36,31,32,18748,21,1925,28,29,95,19,10069,25,11940,23,24,262,22,325,20,1177,96,30,661,263,92,93,94],"class_list":["post-268159","post","type-post","status-publish","format-standard","has-post-thumbnail","category-maailm","tag-anton-siluanov","tag-breaking-news","tag-breakingnews","tag-ee","tag-eesti","tag-eesti-keel","tag-estonia","tag-estonian","tag-featured-news","tag-featurednews","tag-g20","tag-headlines","tag-iraan","tag-latest-news","tag-latestnews","tag-maailm","tag-news","tag-pohja-carolina","tag-populaarseimad-lood","tag-scott-bessent","tag-top-stories","tag-topstories","tag-ukraina","tag-uldised-uudised","tag-usa","tag-uudised","tag-valge-maja-usa","tag-venemaa","tag-viimased-uudised","tag-vladimir-putin","tag-volodomor-zelenskoi","tag-world","tag-world-news","tag-worldnews"],"share_on_mastodon":{"url":"https:\/\/pubeurope.com\/@ee\/117211276399540555","error":""},"_links":{"self":[{"href":"https:\/\/www.europesays.com\/ee\/wp-json\/wp\/v2\/posts\/268159","targetHints":{"allow":["GET"]}}],"collection":[{"href":"https:\/\/www.europesays.com\/ee\/wp-json\/wp\/v2\/posts"}],"about":[{"href":"https:\/\/www.europesays.com\/ee\/wp-json\/wp\/v2\/types\/post"}],"author":[{"embeddable":true,"href":"https:\/\/www.europesays.com\/ee\/wp-json\/wp\/v2\/users\/2"}],"replies":[{"embeddable":true,"href":"https:\/\/www.europesays.com\/ee\/wp-json\/wp\/v2\/comments?post=268159"}],"version-history":[{"count":0,"href":"https:\/\/www.europesays.com\/ee\/wp-json\/wp\/v2\/posts\/268159\/revisions"}],"wp:featuredmedia":[{"embeddable":true,"href":"https:\/\/www.europesays.com\/ee\/wp-json\/wp\/v2\/media\/268160"}],"wp:attachment":[{"href":"https:\/\/www.europesays.com\/ee\/wp-json\/wp\/v2\/media?parent=268159"}],"wp:term":[{"taxonomy":"category","embeddable":true,"href":"https:\/\/www.europesays.com\/ee\/wp-json\/wp\/v2\/categories?post=268159"},{"taxonomy":"post_tag","embeddable":true,"href":"https:\/\/www.europesays.com\/ee\/wp-json\/wp\/v2\/tags?post=268159"}],"curies":[{"name":"wp","href":"https:\/\/api.w.org\/{rel}","templated":true}]}}