{"id":268195,"date":"2026-09-04T07:04:16","date_gmt":"2026-09-04T07:04:16","guid":{"rendered":"https:\/\/www.europesays.com\/ee\/268195\/"},"modified":"2026-09-04T07:04:16","modified_gmt":"2026-09-04T07:04:16","slug":"juhtkiri-%e2%9f%a9-voitlus-rattaringluse-uue-tulemise-nimel","status":"publish","type":"post","link":"https:\/\/www.europesays.com\/ee\/268195\/","title":{"rendered":"JUHTKIRI \u27e9 V\u00f5itlus rattaringluse uue tulemise nimel"},"content":{"rendered":"<p class=\"MsoNormal\">P\u00f5him\u00f5ttekindlus teeb poliitikutele kahtlemata au. Rattaringluse k\u00fcsimuses on reformierakondlasest linnapea Urmas Klaas hoidnud joont, et see tartlastele omaseks saanud teenus, \u00fchistranspordi osa, peab j\u00e4tkuma. Ja valdkonna eest vastutav abilinnapea Priit Humal, Isamaa esindaja, on hoidnud joont, et rattaringluse kulusid maksumaksjale tuleb koomale t\u00f5mmata. Ta on r\u00e4\u00e4kinud mitmest viisist: kaasata eraettev\u00f5te, muuta rataste soetamise p\u00f5him\u00f5tteid, kaaluda hinnastamise muutmist, et see arvestaks rohkem kulusid.<\/p>\n","protected":false},"excerpt":{"rendered":"P\u00f5him\u00f5ttekindlus teeb poliitikutele kahtlemata au. Rattaringluse k\u00fcsimuses on reformierakondlasest linnapea Urmas Klaas hoidnud joont, et see tartlastele omaseks&hellip;\n","protected":false},"author":2,"featured_media":268196,"comment_status":"","ping_status":"","sticky":false,"template":"","format":"standard","meta":{"footnotes":"","_share_on_mastodon":"0"},"categories":[12],"tags":[1261,26,27,37,33,35,39569,34,36,31,32,21,731,3569,103779,28,29,99929,69662,19,25,3571,643,1438,39570,23,24,2017,22,3515,20,30],"class_list":["post-268195","post","type-post","status-publish","format-standard","has-post-thumbnail","category-eesti","tag-bolt","tag-breaking-news","tag-breakingnews","tag-ee","tag-eesti","tag-eesti-keel","tag-elektriratas","tag-estonia","tag-estonian","tag-featured-news","tag-featurednews","tag-headlines","tag-isamaa","tag-jalgrattasoit","tag-keskkonnasaastlik-liikumine","tag-latest-news","tag-latestnews","tag-linnatransport","tag-maksumaksja-raha-kasutamine","tag-news","tag-populaarseimad-lood","tag-priit-humal","tag-reformierakond","tag-tartu-linn","tag-tartu-rattaringlus","tag-top-stories","tag-topstories","tag-uhistransport","tag-uldised-uudised","tag-urmas-klaas","tag-uudised","tag-viimased-uudised"],"share_on_mastodon":{"url":"https:\/\/pubeurope.com\/@ee\/117211500812967850","error":""},"_links":{"self":[{"href":"https:\/\/www.europesays.com\/ee\/wp-json\/wp\/v2\/posts\/268195","targetHints":{"allow":["GET"]}}],"collection":[{"href":"https:\/\/www.europesays.com\/ee\/wp-json\/wp\/v2\/posts"}],"about":[{"href":"https:\/\/www.europesays.com\/ee\/wp-json\/wp\/v2\/types\/post"}],"author":[{"embeddable":true,"href":"https:\/\/www.europesays.com\/ee\/wp-json\/wp\/v2\/users\/2"}],"replies":[{"embeddable":true,"href":"https:\/\/www.europesays.com\/ee\/wp-json\/wp\/v2\/comments?post=268195"}],"version-history":[{"count":0,"href":"https:\/\/www.europesays.com\/ee\/wp-json\/wp\/v2\/posts\/268195\/revisions"}],"wp:featuredmedia":[{"embeddable":true,"href":"https:\/\/www.europesays.com\/ee\/wp-json\/wp\/v2\/media\/268196"}],"wp:attachment":[{"href":"https:\/\/www.europesays.com\/ee\/wp-json\/wp\/v2\/media?parent=268195"}],"wp:term":[{"taxonomy":"category","embeddable":true,"href":"https:\/\/www.europesays.com\/ee\/wp-json\/wp\/v2\/categories?post=268195"},{"taxonomy":"post_tag","embeddable":true,"href":"https:\/\/www.europesays.com\/ee\/wp-json\/wp\/v2\/tags?post=268195"}],"curies":[{"name":"wp","href":"https:\/\/api.w.org\/{rel}","templated":true}]}}