{"id":268225,"date":"2026-09-04T07:50:12","date_gmt":"2026-09-04T07:50:12","guid":{"rendered":"https:\/\/www.europesays.com\/ee\/268225\/"},"modified":"2026-09-04T07:50:12","modified_gmt":"2026-09-04T07:50:12","slug":"suvi-eestis-kujunes-normist-vihmasemaks","status":"publish","type":"post","link":"https:\/\/www.europesays.com\/ee\/268225\/","title":{"rendered":"Suvi Eestis kujunes normist vihmasemaks"},"content":{"rendered":"<p>Keskkonnaagentuur koostas \u00fclevaate meteoroloogilisest suvest Eestis, millest n\u00e4htub, et sagedaste ja runsa sademete t\u00f5ttu kujunes see tavap\u00e4rasest vihmasemaks, teatab BNS.<\/p>\n<ol start=\"2026\" data-path-to-node=\"1\">\n<li>\n<p data-path-to-node=\"1,0,0\">aasta suvi oli v\u00f5rreldes normiga veidi soojem, vihmasem ja v\u00e4hem p\u00e4ikeseline. Kliimatoloogiline suvi algas Eestis keskmiselt 30. mail, mis \u00fchtib ligikaudu nii paljuaastase keskmise kui ka m\u00f6\u00f6dunud aasta n\u00e4itajaga. Kliimatoloogiliseks suveks peetakse teatavasti perioodi, mil \u00f6\u00f6p\u00e4eva keskmine \u00f5hutemperatuur p\u00fcsib stabiilselt \u00fcle +13 kraadi.<\/p>\n<\/li>\n<\/ol>\n<p data-path-to-node=\"2\">Suve keskmine \u00f5hutemperatuur oli 16,8 kraadi (norm 16,4 kraadi). Maksimaalne \u00f5hutemperatuur m\u00f5\u00f5deti 29. juunil Valgas \u2013 29,7 kraadi. Sama n\u00e4itajani t\u00f5usis temperatuur ka juulis: 11. juulil Narvas ja 31. juulil Viljandis.<\/p>\n<p data-path-to-node=\"3\">Mimaalne \u00f5hutemperatuur fikseeriti 2. juunil Kuusikul, kus \u00f6ine miinimum langes 3,8 kraadini.<\/p>\n<p data-path-to-node=\"4\">K\u00f5ige soojemaks suvekuuks osutus juuli, kuigi tervikuna oli see normist jahedam. Juuni oli vastupidi normist soojem, kuid osutus seejuures kolmest suvekuust k\u00f5ige jahedamaks. Sel suvel registreeriti vaid \u00fcks l\u00fchike kuumalaine ja seegi L\u00f5una-Eestis. Kuumalaine ajal, 28.\u201330. juunini, t\u00f5usis maksimaalne \u00f5hutemperatuur V\u00f5rus kolme p\u00e4eva jooksul +27 kraadini ja k\u00f5rgemale. Troopiline \u00f6\u00f6 oli sel suvel samuti vaid \u00fcks \u2013 juulis Eesti edelaosas.<\/p>\n<p data-path-to-node=\"5\">Keskmine sademete hulk oli Eestis suve jooksul 262 millimeetrit (norm 218 millimeetrit). K\u00f5ige vihmasemaks kuuks kujunes juuli, mil Eestis sadas keskmiselt 105 millimeetrit sademeid ehk 155 protsenti normist. Juuli oli paljudes kohtades v\u00e4ga vihmane \u2013 umbes kolmandikus ilmateenistuse vaatlusjaamadest t\u00f5usis see vaatlusajaloo k\u00fcmne vihmasema juulikuu hulka. N\u00e4iteks S\u00f5rves sadas juulis 124 millimeetrit sademeid ehk 199 protsenti normist. Vihmasem on juuli S\u00f5rves olnud vaid \u00fchel korral \u2013 1988. aastal, mil sademete summa oli 203 millimeetrit.<\/p>\n<p data-path-to-node=\"6\">P\u00e4ike paistis suve jooksul Eestis keskmiselt 759 tundi, mis on 94 protsenti normist. Kui juunis ja augustis vastas p\u00e4ikesepaisteliste tundide arv normile, siis juulis oli p\u00e4ikest tavap\u00e4rasest v\u00e4hem.<\/p>\n","protected":false},"excerpt":{"rendered":"Keskkonnaagentuur koostas \u00fclevaate meteoroloogilisest suvest Eestis, millest n\u00e4htub, et sagedaste ja runsa sademete t\u00f5ttu kujunes see tavap\u00e4rasest vihmasemaks,&hellip;\n","protected":false},"author":2,"featured_media":268226,"comment_status":"","ping_status":"","sticky":false,"template":"","format":"standard","meta":{"footnotes":"","_share_on_mastodon":"0"},"categories":[5],"tags":[26,27,37,33,35,34,36,31,32,21,6997,103787,28,29,19,103788,25,103789,23,24,22,20,4324,30],"class_list":["post-268225","post","type-post","status-publish","format-standard","has-post-thumbnail","category-uldised-uudised","tag-breaking-news","tag-breakingnews","tag-ee","tag-eesti","tag-eesti-keel","tag-estonia","tag-estonian","tag-featured-news","tag-featurednews","tag-headlines","tag-keskkonnaagentuur","tag-kliimatoloogiline-suvi","tag-latest-news","tag-latestnews","tag-news","tag-paikesepaisteliste","tag-populaarseimad-lood","tag-sademete","tag-top-stories","tag-topstories","tag-uldised-uudised","tag-uudised","tag-vihm","tag-viimased-uudised"],"share_on_mastodon":{"url":"https:\/\/pubeurope.com\/@ee\/117211681824385148","error":""},"_links":{"self":[{"href":"https:\/\/www.europesays.com\/ee\/wp-json\/wp\/v2\/posts\/268225","targetHints":{"allow":["GET"]}}],"collection":[{"href":"https:\/\/www.europesays.com\/ee\/wp-json\/wp\/v2\/posts"}],"about":[{"href":"https:\/\/www.europesays.com\/ee\/wp-json\/wp\/v2\/types\/post"}],"author":[{"embeddable":true,"href":"https:\/\/www.europesays.com\/ee\/wp-json\/wp\/v2\/users\/2"}],"replies":[{"embeddable":true,"href":"https:\/\/www.europesays.com\/ee\/wp-json\/wp\/v2\/comments?post=268225"}],"version-history":[{"count":0,"href":"https:\/\/www.europesays.com\/ee\/wp-json\/wp\/v2\/posts\/268225\/revisions"}],"wp:featuredmedia":[{"embeddable":true,"href":"https:\/\/www.europesays.com\/ee\/wp-json\/wp\/v2\/media\/268226"}],"wp:attachment":[{"href":"https:\/\/www.europesays.com\/ee\/wp-json\/wp\/v2\/media?parent=268225"}],"wp:term":[{"taxonomy":"category","embeddable":true,"href":"https:\/\/www.europesays.com\/ee\/wp-json\/wp\/v2\/categories?post=268225"},{"taxonomy":"post_tag","embeddable":true,"href":"https:\/\/www.europesays.com\/ee\/wp-json\/wp\/v2\/tags?post=268225"}],"curies":[{"name":"wp","href":"https:\/\/api.w.org\/{rel}","templated":true}]}}