{"id":268251,"date":"2026-09-04T08:21:11","date_gmt":"2026-09-04T08:21:11","guid":{"rendered":"https:\/\/www.europesays.com\/ee\/268251\/"},"modified":"2026-09-04T08:21:11","modified_gmt":"2026-09-04T08:21:11","slug":"valge-maja-veebilehele-ilmusid-retrostiilis-videomangud-milles-saab-naiteks-migrante-puuda-ja-piirimuuri-ehitada","status":"publish","type":"post","link":"https:\/\/www.europesays.com\/ee\/268251\/","title":{"rendered":"Valge Maja veebilehele ilmusid retrostiilis videom\u00e4ngud, milles saab n\u00e4iteks migrante p\u00fc\u00fcda ja piirim\u00fc\u00fcri ehitada"},"content":{"rendered":"<p>\u00dches m\u00e4ngus nimega \u201eRio Run\u201c, mis meenutab vana ussim\u00e4ngu, ajab USA \u201epiiritsaar\u201c <a rel=\"noopener nofollow\" target=\"_blank\" href=\"https:\/\/www.delfi.ee\/teema\/96871152\/tom-homan\" tag-id=\"96871152\">Tom Homan<\/a> <a rel=\"noopener nofollow\" target=\"_blank\" href=\"https:\/\/www.delfi.ee\/teema\/23103677\/mehhiko\" tag-id=\"23103677\">Mehhiko<\/a> piiril Rio Grande j\u00f5e \u00e4\u00e4res erineva nahav\u00e4rviga migrante taga, vahendab AFP.<\/p>\n<p>Teine m\u00e4ng p\u00f5hineb \u201eTetrisel\u201c ja selle nimi on \u201eBuild the Wall\u201c (\u201eEhita m\u00fc\u00fcr\u201c). \u00d5petuses \u00f6eldakse: \u201eKaitse piiri saabuva hordi eest\u201c.<\/p>\n<p>Kolmandas m\u00e4ngus tuleb koguda v\u00f5rke, et panna sinna niinimetatud \u201eTrumpi kontod\u201c \u2013 investeerimiskontod tuhande dollariga Trumpi ametiajal s\u00fcndinud lastele.<\/p>\n<p>Valge Maja konto X-is postitas video, milles l\u00fchend MAGA (Make America Great Again \u2013 Teeme Ameerika j\u00e4lle suureks) on kirjutatud videom\u00e4ngude tootja Sega logo sarnaselt. \u201eEI SUUDA V\u00d5ITMIST L\u00d5PETADA. Ehita m\u00fc\u00fcr. Deporteeri. T\u00e4ida Trumpi Konto,\u201c \u00f6eldakse postituses.<\/p>\n<p>\u201eSee administratsioon on laserkeskendunud innovatsiooniviisidele ja Presidendi paljude saavutuste loo r\u00e4\u00e4kimisele viisil, mis kajab vastu igas ameeriklases,\u201c kommenteeris Valge Maja AFP-le, lisades, et sellega p\u00fc\u00fctakse tuua esile kontrast \u201el\u00f5butsemis- ja v\u00f5itmiskultuuri\u201c ning \u201es\u00fcnge sotsialistliku visiooni\u201c vahel, mis olevat Ameerikast demokraatidel.<\/p>\n<p>Kuidas see lugu Sind end tundma pani?Saada<a href=\"https:\/\/www.delfi.ee\/artikkel\/120608323\/valge-maja-veebilehele-ilmusid-retrostiilis-videomangud-milles-saab-naiteks-migrante-puuda-ja-piirimuuri-ehitada\/kommentaarid\" class=\"button button--primary button--size-auto article-body-bottom__comment article-body-bottom__comment--write\" style=\"\" rel=\"nofollow noopener\" target=\"_blank\">Kommenteeri<\/a><a href=\"https:\/\/www.delfi.ee\/artikkel\/120608323\/valge-maja-veebilehele-ilmusid-retrostiilis-videomangud-milles-saab-naiteks-migrante-puuda-ja-piirimuuri-ehitada\/kommentaarid\" class=\"button button--size-auto article-body-bottom__comment article-body-bottom__comment--read\" style=\"\" rel=\"nofollow noopener\" target=\"_blank\">Loe kommentaare (10)<\/a><\/p>\n","protected":false},"excerpt":{"rendered":"\u00dches m\u00e4ngus nimega \u201eRio Run\u201c, mis meenutab vana ussim\u00e4ngu, ajab USA \u201epiiritsaar\u201c Tom Homan Mehhiko piiril Rio Grande&hellip;\n","protected":false},"author":2,"featured_media":268252,"comment_status":"","ping_status":"","sticky":false,"template":"","format":"standard","meta":{"footnotes":"","_share_on_mastodon":"0"},"categories":[80],"tags":[26,27,37,33,35,34,36,31,32,21,28,29,95,22814,6718,19,25,1292,23,24,22,20,1177,30,92,93,94],"class_list":["post-268251","post","type-post","status-publish","format-standard","has-post-thumbnail","category-maailm","tag-breaking-news","tag-breakingnews","tag-ee","tag-eesti","tag-eesti-keel","tag-estonia","tag-estonian","tag-featured-news","tag-featurednews","tag-headlines","tag-latest-news","tag-latestnews","tag-maailm","tag-maga","tag-mehhiko","tag-news","tag-populaarseimad-lood","tag-tom-homan","tag-top-stories","tag-topstories","tag-uldised-uudised","tag-uudised","tag-valge-maja-usa","tag-viimased-uudised","tag-world","tag-world-news","tag-worldnews"],"share_on_mastodon":{"url":"https:\/\/pubeurope.com\/@ee\/117211803441414131","error":""},"_links":{"self":[{"href":"https:\/\/www.europesays.com\/ee\/wp-json\/wp\/v2\/posts\/268251","targetHints":{"allow":["GET"]}}],"collection":[{"href":"https:\/\/www.europesays.com\/ee\/wp-json\/wp\/v2\/posts"}],"about":[{"href":"https:\/\/www.europesays.com\/ee\/wp-json\/wp\/v2\/types\/post"}],"author":[{"embeddable":true,"href":"https:\/\/www.europesays.com\/ee\/wp-json\/wp\/v2\/users\/2"}],"replies":[{"embeddable":true,"href":"https:\/\/www.europesays.com\/ee\/wp-json\/wp\/v2\/comments?post=268251"}],"version-history":[{"count":0,"href":"https:\/\/www.europesays.com\/ee\/wp-json\/wp\/v2\/posts\/268251\/revisions"}],"wp:featuredmedia":[{"embeddable":true,"href":"https:\/\/www.europesays.com\/ee\/wp-json\/wp\/v2\/media\/268252"}],"wp:attachment":[{"href":"https:\/\/www.europesays.com\/ee\/wp-json\/wp\/v2\/media?parent=268251"}],"wp:term":[{"taxonomy":"category","embeddable":true,"href":"https:\/\/www.europesays.com\/ee\/wp-json\/wp\/v2\/categories?post=268251"},{"taxonomy":"post_tag","embeddable":true,"href":"https:\/\/www.europesays.com\/ee\/wp-json\/wp\/v2\/tags?post=268251"}],"curies":[{"name":"wp","href":"https:\/\/api.w.org\/{rel}","templated":true}]}}