{"id":268269,"date":"2026-09-04T08:41:15","date_gmt":"2026-09-04T08:41:15","guid":{"rendered":"https:\/\/www.europesays.com\/ee\/268269\/"},"modified":"2026-09-04T08:41:15","modified_gmt":"2026-09-04T08:41:15","slug":"kas-olen-jargmise-aasta-parast-mures-jah-hyundai-rallitiimi-tulevik-ripub-juuksekarva-otsas-postimees-sport","status":"publish","type":"post","link":"https:\/\/www.europesays.com\/ee\/268269\/","title":{"rendered":"\u00abKas olen j\u00e4rgmise aasta p\u00e4rast mures? Jah!\u00bb Hyundai rallitiimi tulevik ripub juuksekarva otsas &#8211; Postimees Sport"},"content":{"rendered":"<ol>\n<li><a href=\"https:\/\/news.google.com\/rss\/articles\/CBMixAFBVV95cUxNMkp0cC1DcmJyWHItdjdoLW5ZMDFEdzFtWHplTGxHTlVyNFdTM2kxM1lVTlhKQWVtYXJXRTFaMzNKLThjSUNkY01BUjg3Qkt3alJXMlRQMWtpNmZOS0ZuY2hwYk8zczZZOHViSDFTVzBER3Q4TWVZMXJScmRHTGM0MWtacDBoQmtVUjFYanNlMVZBeUs5d2Qxbm0temR2ekphSjk3S2NEWU14a1FyRkF2TEdadjU1RGI0WFpCR0RJa3JmazdS?oc=5\" target=\"_blank\" rel=\"nofollow noopener\">\u00abKas olen j\u00e4rgmise aasta p\u00e4rast mures? Jah!\u00bb Hyundai rallitiimi tulevik ripub juuksekarva otsas<\/a>&nbsp;&nbsp;Postimees Sport<\/li>\n<li><a href=\"https:\/\/news.google.com\/rss\/articles\/CBMi1gFBVV95cUxNSXhKa0Z6RnMtNkUwd1pMUHdYb0pTQUVUV2hFVVFEdjFUd2dEM1V6cWE3OExrU3NMQ25YZjBsV2pFQ196bldjZ0Fsb1l3MXBNU3ZGOEg3S2FYZGR6a3NSOURqUkxDN0xKTS1GUk00VzdUT1NPblRFZXljVVd3SjAwdjVDcFFFcjV0Z0gwbFNVR0w2UFVrYUkxRWJBQVI1M191aUJ2V2FrRGhRNGFUYWEybzVHY1ZOWTdpQndOdjBmOEd2ajEya01FMzhmUWliSENDd2VTUzNR?oc=5\" target=\"_blank\" rel=\"nofollow noopener\">Fourmaux ei v\u00e4lista tulevikus Rally2-tasemele kolimist: mul pole autot ja see paneb mind muretsema<\/a>&nbsp;&nbsp;Delfi Sport<\/li>\n<li><a href=\"https:\/\/news.google.com\/rss\/articles\/CBMiuwFBVV95cUxNai02Rk1hT0RtOElJQ0dvRUNpUFItaUtCb0tqU0w2aXhXeTV1ejUwRnVMQUMxcnBMXy1KeURDZjV6ZExGWElCWnpFNFVQYkl5OEI5LWU5T0E5XzBDaV9EeEdkS2xJc28ycmJIVTFlRVZaVTZoU2t5djMwUElHYUd0T3NZaE10cVV0V0Z0dU5kRGpzOVBOazFiSzYwT25KNEhESFlfTFJ0VERValJ5YzRaZjlPUUs0QmhNdV9R?oc=5\" target=\"_blank\" rel=\"nofollow noopener\">Hyundai piloot on tuleviku p\u00e4rast mures: mulle pole j\u00e4rgmiseks aastaks s\u00f5itjakohta<\/a>&nbsp;&nbsp;\u00d5htuleht<\/li>\n<li><a href=\"https:\/\/news.google.com\/rss\/articles\/CBMikgFBVV95cUxNX0dweHIxY3gyRUdxTnpkbS1WM1hTbFU3Y0ZJWWc1WkplMWVEVzBIMjVpZ2hBUlR1WV9tblRZQV9IcldmVklqOHVqZ0JlX2V3R3BjSzdkT0Q3OVd6VktsUGJMZjM4TmQzR2x3a1FDa0s3N2FfUWN4dXlIa0JKUXh1Z1ZxRDhjeDRCVmt0Y1UxYUJDUQ?oc=5\" target=\"_blank\" rel=\"nofollow noopener\">Hyundai rallimeeskonna saatus selgub sel n\u00e4dalal \u2013 laual on kolm valikut<\/a>&nbsp;&nbsp;Ralli.ee<\/li>\n<li><a href=\"https:\/\/news.google.com\/rss\/articles\/CBMilgFBVV95cUxNOEwyUDhjNFJZNzZRYmtEZ3NjR1dqcmx4UlBubXBGdmpRT1lZMFJqM2xsaDdJdkdLdzRFcG9iVUJyRGNUc2NZclBRcC1VUVYwX2MySWxhSjRpUk5uYWIxako0Rk9NTTB2Tkhpdktuc3VUQlpOYUlzNXYxal9Sb0dUTVR6RGxCQWs2TlFIaldYYnFaZWV3VHc?oc=5\" target=\"_blank\" rel=\"nofollow noopener\">Hispaania ajaleht: Hyundai lahkub (ajutiselt) MM-sarjast<\/a>&nbsp;&nbsp;\u00d5htuleht<\/li>\n<\/ol>\n","protected":false},"excerpt":{"rendered":"\u00abKas olen j\u00e4rgmise aasta p\u00e4rast mures? Jah!\u00bb Hyundai rallitiimi tulevik ripub juuksekarva otsas&nbsp;&nbsp;Postimees Sport Fourmaux ei v\u00e4lista tulevikus&hellip;\n","protected":false},"author":2,"featured_media":268270,"comment_status":"","ping_status":"","sticky":false,"template":"","format":"standard","meta":{"footnotes":"","_share_on_mastodon":"0"},"categories":[18],"tags":[1692,12156,3503,14918,37,33,35,34,36,3182,103795,2576,9003,12157,8661,159,158,3181,1192,5353],"class_list":["post-268269","post","type-post","status-publish","format-standard","has-post-thumbnail","category-sport","tag-adrien-fourmaux","tag-andrew-wheatley","tag-autoralli-mm-sari","tag-dirtfish","tag-ee","tag-eesti","tag-eesti-keel","tag-estonia","tag-estonian","tag-hyundai","tag-hyundai-i20-n-rally2","tag-hyundai-motorsport","tag-m-sport","tag-rally1","tag-rally2","tag-sport","tag-sports","tag-toyota","tag-wrc","tag-wrc2"],"share_on_mastodon":{"url":"https:\/\/pubeurope.com\/@ee\/117211882203014087","error":""},"_links":{"self":[{"href":"https:\/\/www.europesays.com\/ee\/wp-json\/wp\/v2\/posts\/268269","targetHints":{"allow":["GET"]}}],"collection":[{"href":"https:\/\/www.europesays.com\/ee\/wp-json\/wp\/v2\/posts"}],"about":[{"href":"https:\/\/www.europesays.com\/ee\/wp-json\/wp\/v2\/types\/post"}],"author":[{"embeddable":true,"href":"https:\/\/www.europesays.com\/ee\/wp-json\/wp\/v2\/users\/2"}],"replies":[{"embeddable":true,"href":"https:\/\/www.europesays.com\/ee\/wp-json\/wp\/v2\/comments?post=268269"}],"version-history":[{"count":0,"href":"https:\/\/www.europesays.com\/ee\/wp-json\/wp\/v2\/posts\/268269\/revisions"}],"wp:featuredmedia":[{"embeddable":true,"href":"https:\/\/www.europesays.com\/ee\/wp-json\/wp\/v2\/media\/268270"}],"wp:attachment":[{"href":"https:\/\/www.europesays.com\/ee\/wp-json\/wp\/v2\/media?parent=268269"}],"wp:term":[{"taxonomy":"category","embeddable":true,"href":"https:\/\/www.europesays.com\/ee\/wp-json\/wp\/v2\/categories?post=268269"},{"taxonomy":"post_tag","embeddable":true,"href":"https:\/\/www.europesays.com\/ee\/wp-json\/wp\/v2\/tags?post=268269"}],"curies":[{"name":"wp","href":"https:\/\/api.w.org\/{rel}","templated":true}]}}