{"id":268279,"date":"2026-09-04T08:51:33","date_gmt":"2026-09-04T08:51:33","guid":{"rendered":"https:\/\/www.europesays.com\/ee\/268279\/"},"modified":"2026-09-04T08:51:33","modified_gmt":"2026-09-04T08:51:33","slug":"delfi-veneetsias-filmifestival-sai-avapaugu-kunstilise-juhi-sonul-on-festival-tanavu-poliitilisem-kui-kunagi-varem","status":"publish","type":"post","link":"https:\/\/www.europesays.com\/ee\/268279\/","title":{"rendered":"DELFI VENEETSIAS | Filmifestival sai avapaugu. Kunstilise juhi s\u00f5nul on festival t\u00e4navu poliitilisem kui kunagi varem"},"content":{"rendered":"<p>03.09.2026, 15:00<\/p>\n<p><br clear=\"all\"\/> \u00a0<\/p>\n<p>George Clooney p\u00e4lvis festivali elut\u00f6\u00f6preemia<\/p>\n<p>Kristi P\u00e4rn-Valdoja<\/p>\n<p>Veneetsia<\/p>\n<p>\u201eMa arvan, et l\u00f5puks on k\u00f5ik aru saanud, et mehed teevad paremaid filme kui naised,\u201c \u00fctles re\u017eiss\u00f6\u00f6r ja t\u00e4navuse festivali \u017e\u00fcrii esinaine <a rel=\"noopener nofollow\" target=\"_blank\" href=\"https:\/\/www.delfi.ee\/teema\/71355203\/maggie-gyllenhaal\" tag-id=\"71355203\">Maggie Gyllenhaal<\/a> eile <a rel=\"noopener nofollow\" target=\"_blank\" href=\"https:\/\/www.delfi.ee\/teema\/24493247\/lido\" tag-id=\"24493247\">Lidol<\/a> alanud filmifestivali avapressikonverentsil. Loomulikult oli tema \u00f6eldu m\u00f5eldud terava sarkasmina, sest naislavastajate v\u00e4hesus torkab t\u00e4navusel filmifestivalil silma.<\/p>\n","protected":false},"excerpt":{"rendered":"03.09.2026, 15:00 \u00a0 George Clooney p\u00e4lvis festivali elut\u00f6\u00f6preemia Kristi P\u00e4rn-Valdoja Veneetsia \u201eMa arvan, et l\u00f5puks on k\u00f5ik aru&hellip;\n","protected":false},"author":2,"featured_media":268280,"comment_status":"","ping_status":"","sticky":false,"template":"","format":"standard","meta":{"footnotes":"","_share_on_mastodon":"0"},"categories":[16],"tags":[37,33,35,173,34,36,8998,64558,103799,140,56464,47551],"class_list":["post-268279","post","type-post","status-publish","format-standard","has-post-thumbnail","category-meelelahutus","tag-ee","tag-eesti","tag-eesti-keel","tag-entertainment","tag-estonia","tag-estonian","tag-george-clooney","tag-lido","tag-maggie-gyllenhaal","tag-meelelahutus","tag-veneetsia-biennaal","tag-veneetsia-filmifestival"],"share_on_mastodon":{"url":"https:\/\/pubeurope.com\/@ee\/117211921654846140","error":""},"_links":{"self":[{"href":"https:\/\/www.europesays.com\/ee\/wp-json\/wp\/v2\/posts\/268279","targetHints":{"allow":["GET"]}}],"collection":[{"href":"https:\/\/www.europesays.com\/ee\/wp-json\/wp\/v2\/posts"}],"about":[{"href":"https:\/\/www.europesays.com\/ee\/wp-json\/wp\/v2\/types\/post"}],"author":[{"embeddable":true,"href":"https:\/\/www.europesays.com\/ee\/wp-json\/wp\/v2\/users\/2"}],"replies":[{"embeddable":true,"href":"https:\/\/www.europesays.com\/ee\/wp-json\/wp\/v2\/comments?post=268279"}],"version-history":[{"count":0,"href":"https:\/\/www.europesays.com\/ee\/wp-json\/wp\/v2\/posts\/268279\/revisions"}],"wp:featuredmedia":[{"embeddable":true,"href":"https:\/\/www.europesays.com\/ee\/wp-json\/wp\/v2\/media\/268280"}],"wp:attachment":[{"href":"https:\/\/www.europesays.com\/ee\/wp-json\/wp\/v2\/media?parent=268279"}],"wp:term":[{"taxonomy":"category","embeddable":true,"href":"https:\/\/www.europesays.com\/ee\/wp-json\/wp\/v2\/categories?post=268279"},{"taxonomy":"post_tag","embeddable":true,"href":"https:\/\/www.europesays.com\/ee\/wp-json\/wp\/v2\/tags?post=268279"}],"curies":[{"name":"wp","href":"https:\/\/api.w.org\/{rel}","templated":true}]}}