{"id":268287,"date":"2026-09-04T08:55:13","date_gmt":"2026-09-04T08:55:13","guid":{"rendered":"https:\/\/www.europesays.com\/ee\/268287\/"},"modified":"2026-09-04T08:55:13","modified_gmt":"2026-09-04T08:55:13","slug":"parnus-jai-autojuht-uputuse-tottu-soidukisse-loksu","status":"publish","type":"post","link":"https:\/\/www.europesays.com\/ee\/268287\/","title":{"rendered":"P\u00e4rnus j\u00e4i autojuht uputuse t\u00f5ttu s\u00f5idukisse l\u00f5ksu"},"content":{"rendered":"<p>P\u00e4\u00e4stjad sai t\u00e4na hommikutundidel suurvee t\u00f5ttu P\u00e4rnus kuus v\u00e4ljakutset. Abistada tuli nii linnat\u00e4navatel h\u00e4tta sattunuid inimesi kui eemaldada teele langenud puid.<\/p>\n<p>L\u00e4\u00e4ne p\u00e4\u00e4stekeskuse pressiesindaja Anu Villmanni teatel tuli h\u00e4irekeskusse kell 8.11 teade, et P\u00e4rnus Savi t\u00e4naval on t\u00e4naval mitu kaske risti teel. P\u00e4\u00e4stjad eemaldasid puud teelt.<\/p>\n","protected":false},"excerpt":{"rendered":"P\u00e4\u00e4stjad sai t\u00e4na hommikutundidel suurvee t\u00f5ttu P\u00e4rnus kuus v\u00e4ljakutset. Abistada tuli nii linnat\u00e4navatel h\u00e4tta sattunuid inimesi kui eemaldada&hellip;\n","protected":false},"author":2,"featured_media":268288,"comment_status":"","ping_status":"","sticky":false,"template":"","format":"standard","meta":{"footnotes":"","_share_on_mastodon":"0"},"categories":[12],"tags":[26,27,37,33,35,34,36,31,32,21,8925,28,29,19,46921,1421,103800,25,23,24,22,10518,20,30],"class_list":["post-268287","post","type-post","status-publish","format-standard","has-post-thumbnail","category-eesti","tag-breaking-news","tag-breakingnews","tag-ee","tag-eesti","tag-eesti-keel","tag-estonia","tag-estonian","tag-featured-news","tag-featurednews","tag-headlines","tag-laane-paastekeskus","tag-latest-news","tag-latestnews","tag-news","tag-paasteteenistus","tag-parnu","tag-parnu-raama-pohikool","tag-populaarseimad-lood","tag-top-stories","tag-topstories","tag-uldised-uudised","tag-uleujutus","tag-uudised","tag-viimased-uudised"],"share_on_mastodon":{"url":"https:\/\/pubeurope.com\/@ee\/117211937281835611","error":""},"_links":{"self":[{"href":"https:\/\/www.europesays.com\/ee\/wp-json\/wp\/v2\/posts\/268287","targetHints":{"allow":["GET"]}}],"collection":[{"href":"https:\/\/www.europesays.com\/ee\/wp-json\/wp\/v2\/posts"}],"about":[{"href":"https:\/\/www.europesays.com\/ee\/wp-json\/wp\/v2\/types\/post"}],"author":[{"embeddable":true,"href":"https:\/\/www.europesays.com\/ee\/wp-json\/wp\/v2\/users\/2"}],"replies":[{"embeddable":true,"href":"https:\/\/www.europesays.com\/ee\/wp-json\/wp\/v2\/comments?post=268287"}],"version-history":[{"count":0,"href":"https:\/\/www.europesays.com\/ee\/wp-json\/wp\/v2\/posts\/268287\/revisions"}],"wp:featuredmedia":[{"embeddable":true,"href":"https:\/\/www.europesays.com\/ee\/wp-json\/wp\/v2\/media\/268288"}],"wp:attachment":[{"href":"https:\/\/www.europesays.com\/ee\/wp-json\/wp\/v2\/media?parent=268287"}],"wp:term":[{"taxonomy":"category","embeddable":true,"href":"https:\/\/www.europesays.com\/ee\/wp-json\/wp\/v2\/categories?post=268287"},{"taxonomy":"post_tag","embeddable":true,"href":"https:\/\/www.europesays.com\/ee\/wp-json\/wp\/v2\/tags?post=268287"}],"curies":[{"name":"wp","href":"https:\/\/api.w.org\/{rel}","templated":true}]}}