{"id":268295,"date":"2026-09-04T09:06:10","date_gmt":"2026-09-04T09:06:10","guid":{"rendered":"https:\/\/www.europesays.com\/ee\/268295\/"},"modified":"2026-09-04T09:06:10","modified_gmt":"2026-09-04T09:06:10","slug":"transpordiamet-hoiatab-parnu-piirkonnas-on-tugeva-vihmasaju-tottu-suletud-mitu-tunnelit","status":"publish","type":"post","link":"https:\/\/www.europesays.com\/ee\/268295\/","title":{"rendered":"Transpordiamet hoiatab: P\u00e4rnu piirkonnas on tugeva vihmasaju t\u00f5ttu suletud mitu tunnelit"},"content":{"rendered":"<p class=\"x_MsoNormal\">Teehooldaja ja pumplate hooldaja vaatavad praegu tunnelite olukorda \u00fcle. Kohapeal on v\u00e4lja pandud vajalikud liiklusm\u00e4rgid ja pumplate tehnik kontrollib pumpade seisukorda.<\/p>\n<p class=\"x_MsoNormal\">K\u00f5ik tunnelite pumbad on t\u00e4na varahommikust t\u00f6\u00f6tanud t\u00e4isv\u00f5imsusel. Paraku on sadanud vee kogus erakordselt suur, seet\u00f5ttu v\u00f5tab tunnelitest vee v\u00e4ljapumpamine ja nende kuivamine aega.<\/p>\n<p class=\"x_MsoNormal\">Sadu on hakanud taanduma ja \u00f5htu poole on loota, et olukord on taas normaalne. Tunnelid j\u00e4\u00e4vad suletuks seni, kuni neid l\u00e4bida on taas ohutu.<\/p>\n<p><img decoding=\"async\" class=\"figure__image\" onclick=\"triggerEvent('articleImageClick', { id: 17895467, focus: 'single-image', focusIndex: '17895467' })\" onkeydown=\"if (event.key === 'Enter') {&#10;        triggerEvent('articleImageClick', { id: 17895467, focus: 'single-image', focusIndex: '17895467' })&#10;        }\" role=\"button\" tabindex=\"0\" data-focus-from=\"single-image\" data-focus-index=\"17895467\" src=\"https:\/\/www.europesays.com\/ee\/wp-content\/uploads\/2026\/09\/17895467t1h59d0.jpg\"  onload=\"this.parentElement.classList.remove('figure__image-loading')\" alt=\"P\u00e4rnu Ehitajate tee alused jalak\u00e4ijate tunnelid on vett triiki t\u00e4is.\"\/>P\u00e4rnu Ehitajate tee alused jalak\u00e4ijate tunnelid on vett triiki t\u00e4is. Foto: Remo Raiesmaa<\/p>\n<p class=\"x_MsoNormal\">Peale P\u00e4rnu v\u00f5ib \u00fcleujutusi esineda mujal piirkondades. Keskkonnaagentuuri teatel j\u00e4tkub vihmasadu P\u00e4rnumaal ja j\u00f5uab \u00fcle J\u00e4rvamaa Virumaale.<\/p>\n<p class=\"x_MsoNormal\">Liiklejail tuleks varuda kannatust ja j\u00e4rgida ajutisi liikluskorraldusm\u00e4rke.<\/p>\n<p class=\"x_MsoNormal\">T\u00e4psemat infot leiab portaalist Tark Tee.<\/p>\n","protected":false},"excerpt":{"rendered":"Teehooldaja ja pumplate hooldaja vaatavad praegu tunnelite olukorda \u00fcle. Kohapeal on v\u00e4lja pandud vajalikud liiklusm\u00e4rgid ja pumplate tehnik&hellip;\n","protected":false},"author":2,"featured_media":268296,"comment_status":"","ping_status":"","sticky":false,"template":"","format":"standard","meta":{"footnotes":"","_share_on_mastodon":"0"},"categories":[12],"tags":[346,345,342,26,27,37,33,35,34,36,31,32,21,344,360,343,339,28,29,349,19,341,354,357,351,352,355,356,348,336,350,337,353,25,159,338,340,347,23,24,358,22,359,20,30],"class_list":["post-268295","post","type-post","status-publish","format-standard","has-post-thumbnail","category-eesti","tag-ajakirjaniku-kontakt","tag-ajalehe-tellimine","tag-arhiiv","tag-breaking-news","tag-breakingnews","tag-ee","tag-eesti","tag-eesti-keel","tag-estonia","tag-estonian","tag-featured-news","tag-featurednews","tag-headlines","tag-kaastundeavaldus","tag-kesklinna-sild","tag-kuulutuse-lisamine","tag-kuulutused","tag-latest-news","tag-latestnews","tag-liiklusonnetus","tag-news","tag-paberleht","tag-parnu-haigla","tag-parnu-jahtklubi","tag-parnu-linn","tag-parnu-maakohus","tag-parnu-rand","tag-parnu-sadam","tag-parnu-uritused","tag-parnu-uudised","tag-parnumaa","tag-parnumaa-uudised","tag-politsei","tag-populaarseimad-lood","tag-sport","tag-suvepealinn","tag-tellimine","tag-toimetuse-kontakt","tag-top-stories","tag-topstories","tag-tulekahju","tag-uldised-uudised","tag-urituste-kava","tag-uudised","tag-viimased-uudised"],"share_on_mastodon":{"url":"","error":"Validation failed: Text character limit of 500 exceeded"},"_links":{"self":[{"href":"https:\/\/www.europesays.com\/ee\/wp-json\/wp\/v2\/posts\/268295","targetHints":{"allow":["GET"]}}],"collection":[{"href":"https:\/\/www.europesays.com\/ee\/wp-json\/wp\/v2\/posts"}],"about":[{"href":"https:\/\/www.europesays.com\/ee\/wp-json\/wp\/v2\/types\/post"}],"author":[{"embeddable":true,"href":"https:\/\/www.europesays.com\/ee\/wp-json\/wp\/v2\/users\/2"}],"replies":[{"embeddable":true,"href":"https:\/\/www.europesays.com\/ee\/wp-json\/wp\/v2\/comments?post=268295"}],"version-history":[{"count":0,"href":"https:\/\/www.europesays.com\/ee\/wp-json\/wp\/v2\/posts\/268295\/revisions"}],"wp:featuredmedia":[{"embeddable":true,"href":"https:\/\/www.europesays.com\/ee\/wp-json\/wp\/v2\/media\/268296"}],"wp:attachment":[{"href":"https:\/\/www.europesays.com\/ee\/wp-json\/wp\/v2\/media?parent=268295"}],"wp:term":[{"taxonomy":"category","embeddable":true,"href":"https:\/\/www.europesays.com\/ee\/wp-json\/wp\/v2\/categories?post=268295"},{"taxonomy":"post_tag","embeddable":true,"href":"https:\/\/www.europesays.com\/ee\/wp-json\/wp\/v2\/tags?post=268295"}],"curies":[{"name":"wp","href":"https:\/\/api.w.org\/{rel}","templated":true}]}}