{"id":268297,"date":"2026-09-04T09:07:36","date_gmt":"2026-09-04T09:07:36","guid":{"rendered":"https:\/\/www.europesays.com\/ee\/268297\/"},"modified":"2026-09-04T09:07:36","modified_gmt":"2026-09-04T09:07:36","slug":"airbaltic-maksab-hadavajaliku-rahasusti-eest-ranka-intressi-arileht","status":"publish","type":"post","link":"https:\/\/www.europesays.com\/ee\/268297\/","title":{"rendered":"AirBaltic maksab h\u00e4davajaliku rahas\u00fcsti eest r\u00e4nka intressi &#8211; \u00c4rileht"},"content":{"rendered":"<ol>\n<li><a href=\"https:\/\/news.google.com\/rss\/articles\/CBMinAFBVV95cUxOdG9QOUhqRlVhdDNVbV90U1dBVXM4ckd6YlJqWWs3UHpzLWtFZkJjMlNnNjlBOVM0c1BpMXMxYWc4ZDNyaTRXV0xKRzdhMlNtRmotZVoxcENuZV82eG5MTzNJbDZLbHRPN3QweUxhN18tUk5RQWFnMEN4YktSMWhQVXFodmFRMFdvcGdTLUY1cjNHU2k5LWZfMlU2c0s?oc=5\" target=\"_blank\" rel=\"nofollow noopener\">AirBaltic maksab h\u00e4davajaliku rahas\u00fcsti eest r\u00e4nka intressi<\/a>&nbsp;&nbsp;\u00c4rileht<\/li>\n<li><a href=\"https:\/\/news.google.com\/rss\/articles\/CBMipgFBVV95cUxOMXlmTjZaUlJKUmJTOWhsT0oycXhlM1ZaSkZvY0tfUFhUSHdHdDd4RDRoRUV5d0pheVA0dk1SSHh4bFRzS1FhWEIwX1pUMEMxRkVNaEdZN3BnSndfeERuZWRkUF9JbmxWVVh5UF9wdFpnRU9meGdqTjlZU2s3VktiWDhKVW9KU1lWaF96cjdyQ01Sb09PX1F0Vi1QYjRRWXFTWnZTUG9n?oc=5\" target=\"_blank\" rel=\"nofollow noopener\">Air Baltic plaanib laenata 25-protsendilise intressiga 257 miljonit eurot<\/a>&nbsp;&nbsp;ERR<\/li>\n<li><a href=\"https:\/\/news.google.com\/rss\/articles\/CBMi6ANBVV95cUxPVWZseXZfam9Wb29scFpfZWpBalE1RWgtLWdiSU1STHBzUkJRby1TWEd4OVoyZFVsZ1Iza1dWYXFWRlNEb2Y0SEhyZDhDWUJzVHRpVndOWE1jT2c4M1h5dFBkR2U1TXRRQV9KWVZtb2JzbEJCNTN3RlByY3o5LXRaT3MwaWVJcUZ3cTZQUG9MYXhrTHB3QlJIMldFYnlkNmp0ZkNUZzIxWW9PUzI0NmJtVFpBaFdDclI3S2ZoRWtUdEtaNjhDckk3VVN4MnFXbUxxNTc0ZjFMYVpMN3JVQTRiUmNJNlZuUEJYb2FMUEJVT0R6dmZpUlFHXzV0cUh4cFJQNXJiN24tVG14cWR0YUg2ZzI5ejlHQjZpLW1mTHl4UE0tSDRXT2dYSWNRV19PYWJfLXFCRzh3ODFnR01NZlhrUHp0Rm9tbVpham8xVXJqeGYyQ0pNcG1lYUdQbVY2T2xHWndpSkhINllGZExrWURLM2QwS1FCLVRaZ2xWZzdjM0l3VjQzaWkzaXZXZ1dtYldLMTVWNG9WRmJnc1UxUjFJQTI1ZUVOV1l3SlJfeWMzbi1DeTRrRENxR2hTSDlGc2U5a3JoZTRJMHgzVXE5QmRNTENUckR4UzZINHA1c1BycHJZWlR2MTdSTg?oc=5\" target=\"_blank\" rel=\"nofollow noopener\">\u00c4rileht<\/a>&nbsp;&nbsp;\u00c4rileht<\/li>\n<li><a href=\"https:\/\/news.google.com\/rss\/articles\/CBMingFBVV95cUxOV1hIdEgteThyanhBYUVibUxHcWtFSFBKcDZqdkdsV2hKNDY2a1Jlc2NrNzZxdXpndkV1Wm43bFozNGNXN1VpeUZiYzRxeE5RcDYwdVA1SnRCSFo3cVNDUC00NmZ1UEhCa0h0UjdBc3JMOVVUSklPbEJXNGw2MktGWWNTWDN6Q2I3Rl9zaXlnUG1GLXpxRi15TGdzVXEtZw?oc=5\" target=\"_blank\" rel=\"nofollow noopener\">NAGU KIIRLAEN \u27e9 Air Baltic kaasab k\u00f5rge protsendiga laenuraha<\/a>&nbsp;&nbsp;Majandus<\/li>\n<li><a href=\"https:\/\/news.google.com\/rss\/articles\/CBMitAFBVV95cUxQU0ZYMVllVFlNaGhONV9EX1Q1V0NBV0U0dXQtTzRZSDZGcHBHTWgwblEwUWhMcVJkUVZPUEZNMi1qOUthQjUwcUtoWE82NnZveHNJa05WeUxzU0ZOTi1RRkxWWEk4RDV1Qkh4OGJCal9EY3dLYlFfUGRCRmNjZ1BhOFI4elY5c3hXblpway15V25UYktIUzRhNUhmQkQ3ZXdEdVZGN2M5VEFaS05BT2pQRW9BRXE?oc=5\" target=\"_blank\" rel=\"nofollow noopener\">NAGU KIIRLAEN \u27e9 AirBaltic kaasab k\u00f5rge protsendiga laenuraha<\/a>&nbsp;&nbsp;Inbox.eu<\/li>\n<\/ol>\n","protected":false},"excerpt":{"rendered":"AirBaltic maksab h\u00e4davajaliku rahas\u00fcsti eest r\u00e4nka intressi&nbsp;&nbsp;\u00c4rileht Air Baltic plaanib laenata 25-protsendilise intressiga 257 miljonit eurot&nbsp;&nbsp;ERR \u00c4rileht&nbsp;&nbsp;\u00c4rileht NAGU&hellip;\n","protected":false},"author":2,"featured_media":268298,"comment_status":"","ping_status":"","sticky":false,"template":"","format":"standard","meta":{"footnotes":"","_share_on_mastodon":"0"},"categories":[5],"tags":[1765,26,27,37,33,35,34,36,31,32,21,6955,28,29,19,25,951,103802,23,24,22,20,30,2703],"class_list":["post-268297","post","type-post","status-publish","format-standard","has-post-thumbnail","category-uldised-uudised","tag-airbaltic","tag-breaking-news","tag-breakingnews","tag-ee","tag-eesti","tag-eesti-keel","tag-estonia","tag-estonian","tag-featured-news","tag-featurednews","tag-headlines","tag-intressimaarad","tag-latest-news","tag-latestnews","tag-news","tag-populaarseimad-lood","tag-riia","tag-sildfinantseerimine","tag-top-stories","tag-topstories","tag-uldised-uudised","tag-uudised","tag-viimased-uudised","tag-volakirjad"],"share_on_mastodon":{"url":"https:\/\/pubeurope.com\/@ee\/117211984333001525","error":""},"_links":{"self":[{"href":"https:\/\/www.europesays.com\/ee\/wp-json\/wp\/v2\/posts\/268297","targetHints":{"allow":["GET"]}}],"collection":[{"href":"https:\/\/www.europesays.com\/ee\/wp-json\/wp\/v2\/posts"}],"about":[{"href":"https:\/\/www.europesays.com\/ee\/wp-json\/wp\/v2\/types\/post"}],"author":[{"embeddable":true,"href":"https:\/\/www.europesays.com\/ee\/wp-json\/wp\/v2\/users\/2"}],"replies":[{"embeddable":true,"href":"https:\/\/www.europesays.com\/ee\/wp-json\/wp\/v2\/comments?post=268297"}],"version-history":[{"count":0,"href":"https:\/\/www.europesays.com\/ee\/wp-json\/wp\/v2\/posts\/268297\/revisions"}],"wp:featuredmedia":[{"embeddable":true,"href":"https:\/\/www.europesays.com\/ee\/wp-json\/wp\/v2\/media\/268298"}],"wp:attachment":[{"href":"https:\/\/www.europesays.com\/ee\/wp-json\/wp\/v2\/media?parent=268297"}],"wp:term":[{"taxonomy":"category","embeddable":true,"href":"https:\/\/www.europesays.com\/ee\/wp-json\/wp\/v2\/categories?post=268297"},{"taxonomy":"post_tag","embeddable":true,"href":"https:\/\/www.europesays.com\/ee\/wp-json\/wp\/v2\/tags?post=268297"}],"curies":[{"name":"wp","href":"https:\/\/api.w.org\/{rel}","templated":true}]}}