{"id":268305,"date":"2026-09-04T09:17:18","date_gmt":"2026-09-04T09:17:18","guid":{"rendered":"https:\/\/www.europesays.com\/ee\/268305\/"},"modified":"2026-09-04T09:17:18","modified_gmt":"2026-09-04T09:17:18","slug":"otse-kell-13-riik-kuulutab-valja-eesti-posti-aktsiate-avaliku-enampakkumise-majandus","status":"publish","type":"post","link":"https:\/\/www.europesays.com\/ee\/268305\/","title":{"rendered":"Otse kell 13: riik kuulutab v\u00e4lja Eesti Posti aktsiate avaliku enampakkumise | Majandus"},"content":{"rendered":"<p>Reedel algab j\u00e4rgmine etapp Eesti Posti (Omniva) v\u00f5\u00f5randamisprotsessis, kui riik kuulutab v\u00e4lja ettev\u00f5tte aktsiate avaliku kirjaliku enampakkumise. Asjaosalised jagavad selgitusi kell 13 algaval pressikonverentsil, mida n\u00e4eb otsepildis ERR-i portaalis.<\/p>\n<p>Pressikonverentsil esinevad regionaal- ja p\u00f5llumajandusminister Hendrik Johannes Terras, regionaal- ja p\u00f5llumajandusministeeriumi regionaalarengu asekantsler ning Eesti Posti n\u00f5ukogu liige Sigrid Soomlais, Eesti Posti juhatuse esimees ja tegevjuht Martti Kuldma ning m\u00fc\u00fcgiprotsessi n\u00f5ustajate esindaja, O\u00dc Superia partner Robin Viia.<\/p>\n<p>Eesti Posti v\u00f5\u00f5randamise aluseks on valitsuse 6. aprilli otsus, millega kiideti heaks Terrase ettepanek v\u00f5\u00f5randada ettev\u00f5tte aktsiad avaliku enampakkumise teel. Riik v\u00f5\u00f5randab kogu ettev\u00f5tte ehk 100 protsenti aktsiaseltsi Eesti Post aktsiatest.<\/p>\n<p>Eesti Post, mis tegutseb kaubam\u00e4rgi Omniva all, on 155 miljoni eurose netok\u00e4ibega kujunenud \u00fcheks Balti riikide olulisemaks logistikakontserniks, mille tugevusteks on rahvusvaheline haare, kaasaegne tehnoloogiline baas ning h\u00e4sti toimiv jaotusv\u00f5rk.<\/p>\n<p>Seadusest tulenevad postiteenused, sh kirjade ja ajalehtede kojukanne on ka edaspidi, s\u00f5ltumata ettev\u00f5tte omandivormist tagatud, lubab regionaalministeerium. Ettev\u00f5te kuulub praegu 100 protsenti Eesti riigile.<\/p>\n","protected":false},"excerpt":{"rendered":"Reedel algab j\u00e4rgmine etapp Eesti Posti (Omniva) v\u00f5\u00f5randamisprotsessis, kui riik kuulutab v\u00e4lja ettev\u00f5tte aktsiate avaliku kirjaliku enampakkumise. Asjaosalised&hellip;\n","protected":false},"author":2,"featured_media":268306,"comment_status":"","ping_status":"","sticky":false,"template":"","format":"standard","meta":{"footnotes":"","_share_on_mastodon":"0"},"categories":[12],"tags":[26,27,37,33,35,255,34,36,31,32,21,28,29,19,254,25,3884,23,24,22,20,30],"class_list":["post-268305","post","type-post","status-publish","format-standard","has-post-thumbnail","category-eesti","tag-breaking-news","tag-breakingnews","tag-ee","tag-eesti","tag-eesti-keel","tag-eesti-post","tag-estonia","tag-estonian","tag-featured-news","tag-featurednews","tag-headlines","tag-latest-news","tag-latestnews","tag-news","tag-omniva","tag-populaarseimad-lood","tag-regionaal-ja-pollumajandusministeerium","tag-top-stories","tag-topstories","tag-uldised-uudised","tag-uudised","tag-viimased-uudised"],"share_on_mastodon":{"url":"https:\/\/pubeurope.com\/@ee\/117212023586765349","error":""},"_links":{"self":[{"href":"https:\/\/www.europesays.com\/ee\/wp-json\/wp\/v2\/posts\/268305","targetHints":{"allow":["GET"]}}],"collection":[{"href":"https:\/\/www.europesays.com\/ee\/wp-json\/wp\/v2\/posts"}],"about":[{"href":"https:\/\/www.europesays.com\/ee\/wp-json\/wp\/v2\/types\/post"}],"author":[{"embeddable":true,"href":"https:\/\/www.europesays.com\/ee\/wp-json\/wp\/v2\/users\/2"}],"replies":[{"embeddable":true,"href":"https:\/\/www.europesays.com\/ee\/wp-json\/wp\/v2\/comments?post=268305"}],"version-history":[{"count":0,"href":"https:\/\/www.europesays.com\/ee\/wp-json\/wp\/v2\/posts\/268305\/revisions"}],"wp:featuredmedia":[{"embeddable":true,"href":"https:\/\/www.europesays.com\/ee\/wp-json\/wp\/v2\/media\/268306"}],"wp:attachment":[{"href":"https:\/\/www.europesays.com\/ee\/wp-json\/wp\/v2\/media?parent=268305"}],"wp:term":[{"taxonomy":"category","embeddable":true,"href":"https:\/\/www.europesays.com\/ee\/wp-json\/wp\/v2\/categories?post=268305"},{"taxonomy":"post_tag","embeddable":true,"href":"https:\/\/www.europesays.com\/ee\/wp-json\/wp\/v2\/tags?post=268305"}],"curies":[{"name":"wp","href":"https:\/\/api.w.org\/{rel}","templated":true}]}}