{"id":268309,"date":"2026-09-04T09:24:13","date_gmt":"2026-09-04T09:24:13","guid":{"rendered":"https:\/\/www.europesays.com\/ee\/268309\/"},"modified":"2026-09-04T09:24:13","modified_gmt":"2026-09-04T09:24:13","slug":"kas-teil-on-oscari-kone-juba-valmis-film-metsik-hobu-uheksa-palvis-veneetsias-14-minutilise-ovatsiooni","status":"publish","type":"post","link":"https:\/\/www.europesays.com\/ee\/268309\/","title":{"rendered":"\u201eKas teil on Oscari k\u00f5ne juba valmis?\u201c Film \u201eMetsik hobu \u00fcheksa\u201c p\u00e4lvis Veneetsias 14-minutilise ovatsiooni"},"content":{"rendered":"<p>Nii k\u00f5las eile hommikul praegu k\u00e4imasoleval Veneetsia filmifestivalil esilinastunud Martin McDonaghi uusima linateose \u201eMetsik hobu \u00fcheksa\u201c (Wild Horse Nine) pressikonverentsi esimene k\u00fcsimus.<\/p>\n<p>Filmi maailmaesilinastus polnud selleks ajaks veel toimunud, pressilinastused aga k\u00fcll. Ning ajakirjanikud ja kriitikud olid juba filmist vaimustuses. Lausa sedav\u00f5rd, et pressikonverentsi iga k\u00fcsimus algas \u00fclistuslauluga filmile ja selles kaasa tegevatele n\u00e4itlejatele, mist\u00f5ttu moderaator palus l\u00f5puks ajakirjanikel esitada oma k\u00fcsimusi v\u00f5imalikult l\u00fchidalt, sest \u201emuidu saab aeg otsa ja keegi ei j\u00f5ua enam midagi vastata\u201c.<\/p>\n<p><a href=\"https:\/\/epl.delfi.ee\/artikkel\/120608313\/kas-teil-on-oscari-kone-juba-valmis-film-metsik-hobu-uheksa-palvis-veneetsias-14-minutilise-ovatsiooni\/kommentaarid\" class=\"button button--primary button--size-auto article-body-bottom__comment article-body-bottom__comment--write\" style=\"\" rel=\"nofollow noopener\" target=\"_blank\">Kommenteeri<\/a><a href=\"https:\/\/epl.delfi.ee\/artikkel\/120608313\/kas-teil-on-oscari-kone-juba-valmis-film-metsik-hobu-uheksa-palvis-veneetsias-14-minutilise-ovatsiooni\/kommentaarid\" class=\"button button--size-auto article-body-bottom__comment article-body-bottom__comment--read\" style=\"\" rel=\"nofollow noopener\" target=\"_blank\">Loe kommentaare (1)<\/a><\/p>\n","protected":false},"excerpt":{"rendered":"Nii k\u00f5las eile hommikul praegu k\u00e4imasoleval Veneetsia filmifestivalil esilinastunud Martin McDonaghi uusima linateose \u201eMetsik hobu \u00fcheksa\u201c (Wild Horse&hellip;\n","protected":false},"author":2,"featured_media":268310,"comment_status":"","ping_status":"","sticky":false,"template":"","format":"standard","meta":{"footnotes":"","_share_on_mastodon":"0"},"categories":[16],"tags":[37,33,35,173,34,36,103805,47134,140,103804,47551],"class_list":["post-268309","post","type-post","status-publish","format-standard","has-post-thumbnail","category-meelelahutus","tag-ee","tag-eesti","tag-eesti-keel","tag-entertainment","tag-estonia","tag-estonian","tag-john-malkovich","tag-martin-mcdonagh","tag-meelelahutus","tag-sam-rockwell","tag-veneetsia-filmifestival"],"share_on_mastodon":{"url":"https:\/\/pubeurope.com\/@ee\/117212051076048816","error":""},"_links":{"self":[{"href":"https:\/\/www.europesays.com\/ee\/wp-json\/wp\/v2\/posts\/268309","targetHints":{"allow":["GET"]}}],"collection":[{"href":"https:\/\/www.europesays.com\/ee\/wp-json\/wp\/v2\/posts"}],"about":[{"href":"https:\/\/www.europesays.com\/ee\/wp-json\/wp\/v2\/types\/post"}],"author":[{"embeddable":true,"href":"https:\/\/www.europesays.com\/ee\/wp-json\/wp\/v2\/users\/2"}],"replies":[{"embeddable":true,"href":"https:\/\/www.europesays.com\/ee\/wp-json\/wp\/v2\/comments?post=268309"}],"version-history":[{"count":0,"href":"https:\/\/www.europesays.com\/ee\/wp-json\/wp\/v2\/posts\/268309\/revisions"}],"wp:featuredmedia":[{"embeddable":true,"href":"https:\/\/www.europesays.com\/ee\/wp-json\/wp\/v2\/media\/268310"}],"wp:attachment":[{"href":"https:\/\/www.europesays.com\/ee\/wp-json\/wp\/v2\/media?parent=268309"}],"wp:term":[{"taxonomy":"category","embeddable":true,"href":"https:\/\/www.europesays.com\/ee\/wp-json\/wp\/v2\/categories?post=268309"},{"taxonomy":"post_tag","embeddable":true,"href":"https:\/\/www.europesays.com\/ee\/wp-json\/wp\/v2\/tags?post=268309"}],"curies":[{"name":"wp","href":"https:\/\/api.w.org\/{rel}","templated":true}]}}