{"id":268329,"date":"2026-09-04T09:46:08","date_gmt":"2026-09-04T09:46:08","guid":{"rendered":"https:\/\/www.europesays.com\/ee\/268329\/"},"modified":"2026-09-04T09:46:08","modified_gmt":"2026-09-04T09:46:08","slug":"video-%e2%9f%a9-aeg-oli-tode-paevavalgele-tuua-nexuse-laulja-janne-saar-paljastas-23-aastat-vana-saladuse","status":"publish","type":"post","link":"https:\/\/www.europesays.com\/ee\/268329\/","title":{"rendered":"VIDEO \u27e9 \u00abAeg oli t\u00f5de p\u00e4evavalgele tuua!\u00bb Nexuse laulja Janne Saar paljastas 23 aastat vana saladuse"},"content":{"rendered":"<p>Janne Saar jagas kolm p\u00e4eva tagasi TikTokis videot, mille juurde kirjutas: \u00ab16-aastaselt k\u00f5las mu h\u00e4\u00e4l nii.\u00bb<\/p>\n<p>Videos k\u00f5lab Terminaatori 2003. aastal ilmunud lugu \u00abCarmen\u00bb ning Saar paljastab, et just tema on loos kuuldava naish\u00e4\u00e4le taga.<\/p>\n<p>\u00abAeg oli t\u00f5de p\u00e4evavalgele tuua!\u00bb kirjutas Saar kommentaarides.<\/p>\n<p>23 aastat vana \u00fclestunnistus tuli nii m\u00f5nelegi j\u00e4lgijale t\u00e4ieliku \u00fcllatusena. \u00abMa olen vales elanud kogu see aeg,\u00bb t\u00f5des \u00fcks kommenteerija.<\/p>\n<p>\u00abEi olnudki Carmen?\u00bb naljatles teine. \u00abAh see oli sinu h\u00e4\u00e4l seal l\u00f5pus?\u00bb uuris kolmas.<\/p>\n<p>Leidus siiski ka neid, kelle jaoks polnud tegemist sugugi uue teadmisega. \u00abSellised jutud k\u00e4isid jah kunagi linna peal,\u00bb kirjutas Olev Kaljuste.<\/p>\n<p>\u00abHehe, ma arvasin, et seda ei tea keegi,\u00bb vastas Saar talle.<\/p>\n<p>\u00abCarmen\u00bb ilmus 2003. aastal Terminaatori albumil \u00abKuut\u00f5bine\u00bb. Samast aastast sai hoo sisse ka Saare t\u00e4helend t\u00fcdrukuteb\u00e4ndis Nexus, kuhu kuulusid peale tema Merlyn Uusk\u00fcla ja Helen Randm\u00e4e.<\/p>\n","protected":false},"excerpt":{"rendered":"Janne Saar jagas kolm p\u00e4eva tagasi TikTokis videot, mille juurde kirjutas: \u00ab16-aastaselt k\u00f5las mu h\u00e4\u00e4l nii.\u00bb Videos k\u00f5lab&hellip;\n","protected":false},"author":2,"featured_media":268330,"comment_status":"","ping_status":"","sticky":false,"template":"","format":"standard","meta":{"footnotes":"","_share_on_mastodon":"0"},"categories":[16],"tags":[10141,37,33,35,22391,173,34,36,103809,3747,103808,140,3745,3875,466,328],"class_list":["post-268329","post","type-post","status-publish","format-standard","has-post-thumbnail","category-meelelahutus","tag-carmen","tag-ee","tag-eesti","tag-eesti-keel","tag-eesti-popmuusika","tag-entertainment","tag-estonia","tag-estonian","tag-helen-randmae","tag-janne-saar","tag-kuutobine","tag-meelelahutus","tag-merlyn-uuskula","tag-nexus","tag-terminaator","tag-tiktok"],"share_on_mastodon":{"url":"https:\/\/pubeurope.com\/@ee\/117212137617478458","error":""},"_links":{"self":[{"href":"https:\/\/www.europesays.com\/ee\/wp-json\/wp\/v2\/posts\/268329","targetHints":{"allow":["GET"]}}],"collection":[{"href":"https:\/\/www.europesays.com\/ee\/wp-json\/wp\/v2\/posts"}],"about":[{"href":"https:\/\/www.europesays.com\/ee\/wp-json\/wp\/v2\/types\/post"}],"author":[{"embeddable":true,"href":"https:\/\/www.europesays.com\/ee\/wp-json\/wp\/v2\/users\/2"}],"replies":[{"embeddable":true,"href":"https:\/\/www.europesays.com\/ee\/wp-json\/wp\/v2\/comments?post=268329"}],"version-history":[{"count":0,"href":"https:\/\/www.europesays.com\/ee\/wp-json\/wp\/v2\/posts\/268329\/revisions"}],"wp:featuredmedia":[{"embeddable":true,"href":"https:\/\/www.europesays.com\/ee\/wp-json\/wp\/v2\/media\/268330"}],"wp:attachment":[{"href":"https:\/\/www.europesays.com\/ee\/wp-json\/wp\/v2\/media?parent=268329"}],"wp:term":[{"taxonomy":"category","embeddable":true,"href":"https:\/\/www.europesays.com\/ee\/wp-json\/wp\/v2\/categories?post=268329"},{"taxonomy":"post_tag","embeddable":true,"href":"https:\/\/www.europesays.com\/ee\/wp-json\/wp\/v2\/tags?post=268329"}],"curies":[{"name":"wp","href":"https:\/\/api.w.org\/{rel}","templated":true}]}}