{"id":268331,"date":"2026-09-04T09:47:13","date_gmt":"2026-09-04T09:47:13","guid":{"rendered":"https:\/\/www.europesays.com\/ee\/268331\/"},"modified":"2026-09-04T09:47:13","modified_gmt":"2026-09-04T09:47:13","slug":"eesti-eelmise-hooaja-pronksitiimi-hammastav-seis-rivis-7-mangijat-peatreener-sai-rangalt-vigastada","status":"publish","type":"post","link":"https:\/\/www.europesays.com\/ee\/268331\/","title":{"rendered":"Eesti eelmise hooaja pronksitiimi h\u00e4mmastav seis: rivis 7 m\u00e4ngijat, peatreener sai r\u00e4ngalt vigastada"},"content":{"rendered":"<p>\u00abT\u00e4na esimene kontrollm\u00e4ng. Keila Basket tuleb k\u00fclla. 7 meest rivis. [Taavi] Jurkatamm, [Oliver] Metsalu, [Daniel] Kaljula ja [Tormi Joonatan] Metsla vigastatud. [Jaan] Puidet ja [Jorgen] Rikberg Eesti eest v\u00e4ljas 3&#215;3 koondisega,\u00bb seisab TalTechi sotsiaalmeedias.<\/p>\n<p>\u00abEile \u00f5htul lisandus vigastatute nimekirja ka peatreener. Achilleuse k\u00f5\u00f5lus. Opp ootab ees&#8230; Aga t\u00e4na 18.30 TalTechi Spordihoones. Piletiraha j\u00e4ta endale.\u00bb<\/p>\n<p>Olukord on \u00fcsna irooniline, sest TalTech sai konkurentsitult k\u00f5ige varem koosseisu kokku, neil on \u00fches duubelmeeskonnaga ka parajalt s\u00fcgavust ning \u00fchistreeningutega alustati varakult. Aga \u00f5nnega l\u00e4ks veidi kehvasti.<\/p>\n<p>M\u00f5isa peale mat\u0161ideni on siiski veel aega. Eesti-L\u00e4ti liiga hooaeg avatakse 26. septembril kodus Riia Zelli vastu. Kolm p\u00e4eva varem v\u00f5\u00f5rustatakse P\u00f5hja-Euroopa liigas (ENBL) norralaste Fyllingeni.<\/p>\n<p>Kindlasti saadakse selleks ajaks tagasi 3&#215;3 koondislased. EM toimub j\u00e4rgmisel n\u00e4dalavahetusel Antwerpenis.<\/p>\n","protected":false},"excerpt":{"rendered":"\u00abT\u00e4na esimene kontrollm\u00e4ng. Keila Basket tuleb k\u00fclla. 7 meest rivis. [Taavi] Jurkatamm, [Oliver] Metsalu, [Daniel] Kaljula ja [Tormi&hellip;\n","protected":false},"author":2,"featured_media":268332,"comment_status":"","ping_status":"","sticky":false,"template":"","format":"standard","meta":{"footnotes":"","_share_on_mastodon":"0"},"categories":[18],"tags":[1526,37,33,35,34,36,1517,172,1520,1513,1514,1518,1524,1515,1529,1530,1523,1519,1522,1525,1528,1527,159,158,1535,1534,1521,1532,1533,1230,1531,1516,1192],"class_list":["post-268331","post","type-post","status-publish","format-standard","has-post-thumbnail","category-sport","tag-autoralli","tag-ee","tag-eesti","tag-eesti-keel","tag-estonia","tag-estonian","tag-finaal","tag-jalgpall","tag-koondis","tag-korvpall","tag-liiga","tag-mang","tag-martin-jarveoja","tag-medal","tag-olumpia","tag-olumpiamangud","tag-ott-tanak","tag-poks","tag-postimees-sport","tag-postimees-wrc","tag-spordi-uudised","tag-spordiuudised","tag-sport","tag-sports","tag-suveolumpia","tag-suveolumpiamangud","tag-tiitel","tag-tokio","tag-tokio2020","tag-tokyo","tag-tokyo2020","tag-voistlus","tag-wrc"],"share_on_mastodon":{"url":"https:\/\/pubeurope.com\/@ee\/117212141558522125","error":""},"_links":{"self":[{"href":"https:\/\/www.europesays.com\/ee\/wp-json\/wp\/v2\/posts\/268331","targetHints":{"allow":["GET"]}}],"collection":[{"href":"https:\/\/www.europesays.com\/ee\/wp-json\/wp\/v2\/posts"}],"about":[{"href":"https:\/\/www.europesays.com\/ee\/wp-json\/wp\/v2\/types\/post"}],"author":[{"embeddable":true,"href":"https:\/\/www.europesays.com\/ee\/wp-json\/wp\/v2\/users\/2"}],"replies":[{"embeddable":true,"href":"https:\/\/www.europesays.com\/ee\/wp-json\/wp\/v2\/comments?post=268331"}],"version-history":[{"count":0,"href":"https:\/\/www.europesays.com\/ee\/wp-json\/wp\/v2\/posts\/268331\/revisions"}],"wp:featuredmedia":[{"embeddable":true,"href":"https:\/\/www.europesays.com\/ee\/wp-json\/wp\/v2\/media\/268332"}],"wp:attachment":[{"href":"https:\/\/www.europesays.com\/ee\/wp-json\/wp\/v2\/media?parent=268331"}],"wp:term":[{"taxonomy":"category","embeddable":true,"href":"https:\/\/www.europesays.com\/ee\/wp-json\/wp\/v2\/categories?post=268331"},{"taxonomy":"post_tag","embeddable":true,"href":"https:\/\/www.europesays.com\/ee\/wp-json\/wp\/v2\/tags?post=268331"}],"curies":[{"name":"wp","href":"https:\/\/api.w.org\/{rel}","templated":true}]}}