{"id":268335,"date":"2026-09-04T09:51:23","date_gmt":"2026-09-04T09:51:23","guid":{"rendered":"https:\/\/www.europesays.com\/ee\/268335\/"},"modified":"2026-09-04T09:51:23","modified_gmt":"2026-09-04T09:51:23","slug":"mis-ajendas-esiliiga-matsi-loppu-uuesti-mangima-kas-eestis-on-veel-sarnaseid-naiteid-jalgpalliliit-annab-aru","status":"publish","type":"post","link":"https:\/\/www.europesays.com\/ee\/268335\/","title":{"rendered":"Mis ajendas esiliiga mat\u0161i l\u014dppu uuesti m\u00e4ngima? Kas Eestis on veel sarnaseid n\u00e4iteid? Jalgpalliliit annab aru"},"content":{"rendered":"<p>1. Mis ajendas kohtumise l\u00f5ppu uuesti m\u00e4ngima? Kas N\u00f5mme United esitas protesti v\u00f5i oli see puhtalt kohtunike osakonna otsus?<\/p>\n<p>Oskan seda k\u00f5ike vaid korrata. M\u00e4ngu 88. minutil andis kohtunik FC Elva m\u00e4ngijale kollase kaardi, mis oli selle m\u00e4ngija jaoks kohtumises teine. Sellele oleks pidanud j\u00e4rgnema punane kaart ja eemaldamine, kuid kohtunik eksis, j\u00e4ttis punase kaardi n\u00e4itamata ja m\u00e4ngija eemaldamata. Nii Eesti kui ka rahvusvahelise praktikaga koosk\u00f5las on sellisel juhul kohtumise uuesti m\u00e4ngimine alates eksimuse hetkest.<\/p>\n<p>Olukord on harvaesinev, sest jalgpallireeglite ja -praktika j\u00e4rgi saab m\u00e4ngu tervenisti v\u00f5i osaliselt uuesti m\u00e4ngida ainult v\u00e4ga \u00fcksikutel juhtudel. \u00dcks neist on taoline olukord, kus tegemist on oluliselt m\u00e4nguk\u00e4iku m\u00f5jutava niinimetatud protseduurilise rikkumisega ehk rikkumisega, mis tuleneb otse m\u00e4ngureeglitest, mitte kohtuniku t\u00f5lgendusest v\u00f5i faktilisest otsusest.<\/p>\n<p><a href=\"https:\/\/sport.delfi.ee\/artikkel\/120608304\/mis-ajendas-esiliiga-matsi-loppu-uuesti-mangima-kas-eestis-on-veel-sarnaseid-naiteid-jalgpalliliit-annab-aru\/kommentaarid\" class=\"button button--primary button--size-auto article-body-bottom__comment article-body-bottom__comment--write\" style=\"\" rel=\"nofollow noopener\" target=\"_blank\">Kommenteeri<\/a><a href=\"https:\/\/sport.delfi.ee\/artikkel\/120608304\/mis-ajendas-esiliiga-matsi-loppu-uuesti-mangima-kas-eestis-on-veel-sarnaseid-naiteid-jalgpalliliit-annab-aru\/kommentaarid\" class=\"button button--size-auto article-body-bottom__comment article-body-bottom__comment--read\" style=\"\" rel=\"nofollow noopener\" target=\"_blank\">Loe kommentaare (1)<\/a><\/p>\n","protected":false},"excerpt":{"rendered":"1. Mis ajendas kohtumise l\u00f5ppu uuesti m\u00e4ngima? Kas N\u00f5mme United esitas protesti v\u00f5i oli see puhtalt kohtunike osakonna&hellip;\n","protected":false},"author":2,"featured_media":268336,"comment_status":"","ping_status":"","sticky":false,"template":"","format":"standard","meta":{"footnotes":"","_share_on_mastodon":"0"},"categories":[5],"tags":[26,27,37,33,35,897,34,36,31,32,15258,21,28,29,19,1813,25,23,24,22,20,30],"class_list":["post-268335","post","type-post","status-publish","format-standard","has-post-thumbnail","category-uldised-uudised","tag-breaking-news","tag-breakingnews","tag-ee","tag-eesti","tag-eesti-keel","tag-elva","tag-estonia","tag-estonian","tag-featured-news","tag-featurednews","tag-hannes-kaasik","tag-headlines","tag-latest-news","tag-latestnews","tag-news","tag-nomme-united","tag-populaarseimad-lood","tag-top-stories","tag-topstories","tag-uldised-uudised","tag-uudised","tag-viimased-uudised"],"share_on_mastodon":{"url":"https:\/\/pubeurope.com\/@ee\/117212157354659536","error":""},"_links":{"self":[{"href":"https:\/\/www.europesays.com\/ee\/wp-json\/wp\/v2\/posts\/268335","targetHints":{"allow":["GET"]}}],"collection":[{"href":"https:\/\/www.europesays.com\/ee\/wp-json\/wp\/v2\/posts"}],"about":[{"href":"https:\/\/www.europesays.com\/ee\/wp-json\/wp\/v2\/types\/post"}],"author":[{"embeddable":true,"href":"https:\/\/www.europesays.com\/ee\/wp-json\/wp\/v2\/users\/2"}],"replies":[{"embeddable":true,"href":"https:\/\/www.europesays.com\/ee\/wp-json\/wp\/v2\/comments?post=268335"}],"version-history":[{"count":0,"href":"https:\/\/www.europesays.com\/ee\/wp-json\/wp\/v2\/posts\/268335\/revisions"}],"wp:featuredmedia":[{"embeddable":true,"href":"https:\/\/www.europesays.com\/ee\/wp-json\/wp\/v2\/media\/268336"}],"wp:attachment":[{"href":"https:\/\/www.europesays.com\/ee\/wp-json\/wp\/v2\/media?parent=268335"}],"wp:term":[{"taxonomy":"category","embeddable":true,"href":"https:\/\/www.europesays.com\/ee\/wp-json\/wp\/v2\/categories?post=268335"},{"taxonomy":"post_tag","embeddable":true,"href":"https:\/\/www.europesays.com\/ee\/wp-json\/wp\/v2\/tags?post=268335"}],"curies":[{"name":"wp","href":"https:\/\/api.w.org\/{rel}","templated":true}]}}