{"id":268343,"date":"2026-09-04T10:01:10","date_gmt":"2026-09-04T10:01:10","guid":{"rendered":"https:\/\/www.europesays.com\/ee\/268343\/"},"modified":"2026-09-04T10:01:10","modified_gmt":"2026-09-04T10:01:10","slug":"erkki-koort-%e2%9f%a9-kui-india-arimehed-eestit-sihilikult-tussasid-peaks-kapo-neid-juba-taga-otsima","status":"publish","type":"post","link":"https:\/\/www.europesays.com\/ee\/268343\/","title":{"rendered":"ERKKI KOORT \u27e9 Kui India \u00e4rimehed Eestit sihilikult t\u00fcssasid, peaks KAPO neid juba taga otsima"},"content":{"rendered":"<p>Riigikontroll tuvastas auditeerimise k\u00e4igus puudusi, mis ei tule kasuks Eesti kaitsev\u00f5imele ning samav\u00e4\u00e4rselt ei tule sellele kasuks avalikkuse ees lahti rullunud probleemi eitav debatt, kirjutab Postimehe ja sisekaitseakadeemia julgeolekuekspert Erkki Koort.<\/p>\n<p class=\"x_MsoNormal\">Vaatamata kaitseministeeriumis, kaitsev\u00e4es ja RKIKis avastatud puudustele on k\u00f5ige olulisem tagada j\u00e4tkuv kaitse eksistentsiaalsete ohtude vastu.<\/p>\n","protected":false},"excerpt":{"rendered":"Riigikontroll tuvastas auditeerimise k\u00e4igus puudusi, mis ei tule kasuks Eesti kaitsev\u00f5imele ning samav\u00e4\u00e4rselt ei tule sellele kasuks avalikkuse&hellip;\n","protected":false},"author":2,"featured_media":268344,"comment_status":"","ping_status":"","sticky":false,"template":"","format":"standard","meta":{"footnotes":"","_share_on_mastodon":"0"},"categories":[12],"tags":[26,27,37,33,35,63548,34,36,31,32,492,21,6446,1152,2645,4625,103813,4517,28,29,19,25,6425,640,8012,103814,23,24,103815,124,22,20,103816,30],"class_list":["post-268343","post","type-post","status-publish","format-standard","has-post-thumbnail","category-eesti","tag-breaking-news","tag-breakingnews","tag-ee","tag-eesti","tag-eesti-keel","tag-eesti-riigikaitse","tag-estonia","tag-estonian","tag-featured-news","tag-featurednews","tag-hanno-pevkur","tag-headlines","tag-kaitsekulutused","tag-kaitseministeerium","tag-kaitsevagi","tag-kaitsevoime","tag-laomajandus","tag-laskemoon","tag-latest-news","tag-latestnews","tag-news","tag-populaarseimad-lood","tag-riigi-kaitseinvesteeringute-keskus","tag-riigikogu","tag-riigikontroll","tag-sojalised-hangete-skandaalid","tag-top-stories","tag-topstories","tag-tsiviilkontroll-kaitsevae-ule","tag-ukraina-soda","tag-uldised-uudised","tag-uudised","tag-venemaa-luure","tag-viimased-uudised"],"share_on_mastodon":{"url":"","error":"Validation failed: Text character limit of 500 exceeded"},"_links":{"self":[{"href":"https:\/\/www.europesays.com\/ee\/wp-json\/wp\/v2\/posts\/268343","targetHints":{"allow":["GET"]}}],"collection":[{"href":"https:\/\/www.europesays.com\/ee\/wp-json\/wp\/v2\/posts"}],"about":[{"href":"https:\/\/www.europesays.com\/ee\/wp-json\/wp\/v2\/types\/post"}],"author":[{"embeddable":true,"href":"https:\/\/www.europesays.com\/ee\/wp-json\/wp\/v2\/users\/2"}],"replies":[{"embeddable":true,"href":"https:\/\/www.europesays.com\/ee\/wp-json\/wp\/v2\/comments?post=268343"}],"version-history":[{"count":0,"href":"https:\/\/www.europesays.com\/ee\/wp-json\/wp\/v2\/posts\/268343\/revisions"}],"wp:featuredmedia":[{"embeddable":true,"href":"https:\/\/www.europesays.com\/ee\/wp-json\/wp\/v2\/media\/268344"}],"wp:attachment":[{"href":"https:\/\/www.europesays.com\/ee\/wp-json\/wp\/v2\/media?parent=268343"}],"wp:term":[{"taxonomy":"category","embeddable":true,"href":"https:\/\/www.europesays.com\/ee\/wp-json\/wp\/v2\/categories?post=268343"},{"taxonomy":"post_tag","embeddable":true,"href":"https:\/\/www.europesays.com\/ee\/wp-json\/wp\/v2\/tags?post=268343"}],"curies":[{"name":"wp","href":"https:\/\/api.w.org\/{rel}","templated":true}]}}