{"id":268351,"date":"2026-09-04T10:11:08","date_gmt":"2026-09-04T10:11:08","guid":{"rendered":"https:\/\/www.europesays.com\/ee\/268351\/"},"modified":"2026-09-04T10:11:08","modified_gmt":"2026-09-04T10:11:08","slug":"argentina-president-teravdas-tuli-suurbritanniaga-falklandi-saarte-parast","status":"publish","type":"post","link":"https:\/\/www.europesays.com\/ee\/268351\/","title":{"rendered":"Argentina president teravdas t\u00fcli Suurbritanniaga Falklandi saarte p\u00e4rast"},"content":{"rendered":"<p>Milei esitas Trumpi avaldust t\u00f5estusena selle kohta, et tema isiklikud l\u00e4hedased suhted Trumpiga kannavad n\u00fc\u00fcd vilja, vahendab Associated Press.<\/p>\n<p>\u201e\u00dchendriigid kaaluvad seda seisukohamuutust, sest teavad, et Argentinas on usaldusv\u00e4\u00e4rne partner, kes joondub l\u00e4\u00e4ne v\u00e4\u00e4rtuste j\u00e4rgi, strateegiliselt t\u00e4htsal positsioonil, kes v\u00f5ib olla v\u00e4\u00e4rtuslik liitlane aastateks,\u201c \u00fctles Milei televisioonis \u00fcle kantud k\u00f5nes.<\/p>\n<p>Milei tegi seej\u00e4rel teatavaks sanktsioonid, mis on m\u00f5eldud s\u00fcvamere naftaprojekti Sea Lion arendamise peatamiseks. Briti ettev\u00f5te Rockhopper Exploration ja Iisraeli Navitas Petroleum kavatsevad Falklandi saartest 220 kilomeetrit p\u00f5hja pool puurima hakata l\u00e4hikuudel ja nafta v\u00e4ljapumpamine peaks algama 2028. aastal. Argentina peab seda projekti ebaseaduslikuks tegevuseks vetes, mida peab enda omaks.<\/p>\n<p>Milei \u00e4hvardas karmimate sanktsioonidega ettev\u00f5tete vastu, mis osalevad merep\u00f5hja puurimises, ning tegi teatavaks Tulemaa provintsi uue merev\u00e4ebaasi rajamiseks raha eraldamise, et tugevdada Argentina s\u00f5jalist kohalolekut Falklandi saarte l\u00e4histel.<\/p>\n<p>\u201eArgentina ei vaata tegevusetult k\u00f5rvalt,\u201c \u00fctles Milei. \u201eMistahes edasisi samme Malviini saartel peetakse meie riikliku julgeoleku rikkumiseks.\u201c<\/p>\n<p>Suurbritannia kaitseminister Wes Streeting \u00fctles, et p\u00fchendumine Falklandi saarte kaitsele on vankumatu.<\/p>\n<p>\u201eMilei \u00f6ine avaldus r\u00e4\u00e4gib meile rohkem Argentina sisepoliitikast kui Falklandi saartest,\u201c kirjutas Streeting X-is.<\/p>\n<p>Suurbritannia ja Argentina pidasid 1982. aastal Falklandi saarte p\u00e4rast maha s\u00f5ja, milles hukkus 649 Argentina ja 255 Briti s\u00f5durit ning kolm saarte elanikku.<\/p>\n<p>Saarte Argentinale kuulumine on sisse kirjutatud Argentina p\u00f5hiseadusse. Argentina v\u00e4idab, et sai suver\u00e4\u00e4nsuse saarte \u00fcle p\u00e4randusena endiselt koloniaalisandalt <a rel=\"noopener nofollow\" target=\"_blank\" href=\"https:\/\/www.delfi.ee\/teema\/23167029\/hispaania\" tag-id=\"23167029\">Hispaanialt<\/a> ja et Suurbritannia okupeeris saared 1833. aastal ebaseaduslikult. Suurbritannia r\u00f5hub saarte umbes 3600 elaniku soovile olla \u00dchendkuningriigi alamad.<\/p>\n<p>USA on selles vaidluses aastak\u00fcmneid neutraalne olnud ja tunnustanud Suurbritannia de facto kontrolli saarte \u00fcle.<\/p>\n<p>Esmasp\u00e4eval k\u00fcsiti Trumpi k\u00e4est, kas ta on Falklandi saarte asjus USA seisukohta muutmas.<\/p>\n<p>\u201eMa vaatan alati \u00fcle iga seisukohta,\u201c vastas Trump. \u201eSee on ainult \u00fcks paljudest.\u201c<\/p>\n<p>Eile ei vastanud Trump GB Newsile antud intervjuus otseselt k\u00fcsimusele, kas USA tuleks Suurbritanniale uue Falklandi s\u00f5ja korral appi. Selle asemel kordas ta oma kaebust, et Suurbritannia ei toetanud USA-d piisavalt <a rel=\"noopener nofollow\" target=\"_blank\" href=\"https:\/\/www.delfi.ee\/teema\/24129493\/iraan\" tag-id=\"24129493\">Iraani<\/a> r\u00fcndamisel.<\/p>\n<p>Kuidas see lugu Sind end tundma pani?Saada<a href=\"https:\/\/www.delfi.ee\/artikkel\/120608396\/argentina-president-teravdas-tuli-suurbritanniaga-falklandi-saarte-parast\/kommentaarid\" class=\"button button--primary button--size-auto article-body-bottom__comment article-body-bottom__comment--write\" style=\"\" rel=\"nofollow noopener\" target=\"_blank\">Kommenteeri<\/a><a href=\"https:\/\/www.delfi.ee\/artikkel\/120608396\/argentina-president-teravdas-tuli-suurbritanniaga-falklandi-saarte-parast\/kommentaarid\" class=\"button button--size-auto article-body-bottom__comment article-body-bottom__comment--read\" style=\"\" rel=\"nofollow noopener\" target=\"_blank\">Loe kommentaare (3)<\/a><\/p>\n","protected":false},"excerpt":{"rendered":"Milei esitas Trumpi avaldust t\u00f5estusena selle kohta, et tema isiklikud l\u00e4hedased suhted Trumpiga kannavad n\u00fc\u00fcd vilja, vahendab Associated&hellip;\n","protected":false},"author":2,"featured_media":268352,"comment_status":"","ping_status":"","sticky":false,"template":"","format":"standard","meta":{"footnotes":"","_share_on_mastodon":"0"},"categories":[80],"tags":[5000,26,27,324,37,33,35,34,36,75681,31,32,21,110,1925,11619,28,29,95,19,25,660,23,24,22,325,20,30,92,93,94],"class_list":["post-268351","post","type-post","status-publish","format-standard","has-post-thumbnail","category-maailm","tag-argentina","tag-breaking-news","tag-breakingnews","tag-donald-trump","tag-ee","tag-eesti","tag-eesti-keel","tag-estonia","tag-estonian","tag-falklandi-saared-uk","tag-featured-news","tag-featurednews","tag-headlines","tag-hispaania","tag-iraan","tag-javier-milei","tag-latest-news","tag-latestnews","tag-maailm","tag-news","tag-populaarseimad-lood","tag-suurbritannia","tag-top-stories","tag-topstories","tag-uldised-uudised","tag-usa","tag-uudised","tag-viimased-uudised","tag-world","tag-world-news","tag-worldnews"],"share_on_mastodon":{"url":"https:\/\/pubeurope.com\/@ee\/117212235996127682","error":""},"_links":{"self":[{"href":"https:\/\/www.europesays.com\/ee\/wp-json\/wp\/v2\/posts\/268351","targetHints":{"allow":["GET"]}}],"collection":[{"href":"https:\/\/www.europesays.com\/ee\/wp-json\/wp\/v2\/posts"}],"about":[{"href":"https:\/\/www.europesays.com\/ee\/wp-json\/wp\/v2\/types\/post"}],"author":[{"embeddable":true,"href":"https:\/\/www.europesays.com\/ee\/wp-json\/wp\/v2\/users\/2"}],"replies":[{"embeddable":true,"href":"https:\/\/www.europesays.com\/ee\/wp-json\/wp\/v2\/comments?post=268351"}],"version-history":[{"count":0,"href":"https:\/\/www.europesays.com\/ee\/wp-json\/wp\/v2\/posts\/268351\/revisions"}],"wp:featuredmedia":[{"embeddable":true,"href":"https:\/\/www.europesays.com\/ee\/wp-json\/wp\/v2\/media\/268352"}],"wp:attachment":[{"href":"https:\/\/www.europesays.com\/ee\/wp-json\/wp\/v2\/media?parent=268351"}],"wp:term":[{"taxonomy":"category","embeddable":true,"href":"https:\/\/www.europesays.com\/ee\/wp-json\/wp\/v2\/categories?post=268351"},{"taxonomy":"post_tag","embeddable":true,"href":"https:\/\/www.europesays.com\/ee\/wp-json\/wp\/v2\/tags?post=268351"}],"curies":[{"name":"wp","href":"https:\/\/api.w.org\/{rel}","templated":true}]}}