{"id":268353,"date":"2026-09-04T10:12:35","date_gmt":"2026-09-04T10:12:35","guid":{"rendered":"https:\/\/www.europesays.com\/ee\/268353\/"},"modified":"2026-09-04T10:12:35","modified_gmt":"2026-09-04T10:12:35","slug":"taavi-eilatile-tekkis-too-tottu-ahistaja-votsin-seda-isegi-usna-kulmalt-aga-ta-hakkas-ka-teisi-ahvardama-2","status":"publish","type":"post","link":"https:\/\/www.europesays.com\/ee\/268353\/","title":{"rendered":"Taavi Eilatile tekkis t\u00f6\u00f6 t\u00f5ttu ahistaja: v\u00f5tsin seda isegi \u00fcsna k\u00fclmalt, aga ta hakkas ka teisi \u00e4hvardama"},"content":{"rendered":"<p>Teleajakirjanik Taavi Eilat (37) on harjunud suuri otsuseid enda jaoks p\u00f5hjalikult l\u00e4bi m\u00f5tlema, kuid sel aastal tuli tal leppida ka otsusega, mida ta ise teha ei saanud. Ta kandideeris ERRi uudistetoimetuse juhi kohale, pani avalikult lauale oma visiooni ning kutsus inimesi kaasa m\u00f5tlema. Konkursi jooksul jagas ta oma ideid ja kuulas teiste omi, vesteldes ligi saja inimesega. Ta andis endast k\u00f5ik, kuid l\u00f5puks sai ihaldatud ametikoha hoopis tema hea s\u00f5ber Joosep V\u00e4rk. <\/p>\n<p>Praeguseks on Taavil pettumus seljataga, k\u00fcmme aastat \u201ePealtn\u00e4gijas\u201c samuti ning ta on alustanud \u201eImpulsi\u201c saatejuhina. Ta ei ela suurte unistuste nimel ega p\u00fc\u00fca end j\u00f5uga l\u00e4bi murda, vaid usub, et k\u00f5ige olulisem on teha oma t\u00f6\u00f6d h\u00e4sti, hoida saavutatud taset ja liikuda sammhaaval paremuse poole. <\/p>\n<p><a href=\"https:\/\/kroonika.delfi.ee\/artikkel\/120606577\/taavi-eilatile-tekkis-too-tottu-ahistaja-votsin-seda-isegi-usna-kulmalt-aga-ta-hakkas-ka-teisi-ahvardama\/kommentaarid\" class=\"button button--primary button--size-auto article-body-bottom__comment article-body-bottom__comment--write\" style=\"\" rel=\"nofollow noopener\" target=\"_blank\">Kommenteeri<\/a><a href=\"https:\/\/kroonika.delfi.ee\/artikkel\/120606577\/taavi-eilatile-tekkis-too-tottu-ahistaja-votsin-seda-isegi-usna-kulmalt-aga-ta-hakkas-ka-teisi-ahvardama\/kommentaarid\" class=\"button button--size-auto article-body-bottom__comment article-body-bottom__comment--read\" style=\"\" rel=\"nofollow noopener\" target=\"_blank\">Loe kommentaare (40)<\/a><\/p>\n","protected":false},"excerpt":{"rendered":"Teleajakirjanik Taavi Eilat (37) on harjunud suuri otsuseid enda jaoks p\u00f5hjalikult l\u00e4bi m\u00f5tlema, kuid sel aastal tuli tal&hellip;\n","protected":false},"author":2,"featured_media":268354,"comment_status":"","ping_status":"","sticky":false,"template":"","format":"standard","meta":{"footnotes":"","_share_on_mastodon":"0"},"categories":[12],"tags":[26,27,37,33,35,34,36,31,32,21,28,29,19,25,3245,23,24,22,20,30],"class_list":["post-268353","post","type-post","status-publish","format-standard","has-post-thumbnail","category-eesti","tag-breaking-news","tag-breakingnews","tag-ee","tag-eesti","tag-eesti-keel","tag-estonia","tag-estonian","tag-featured-news","tag-featurednews","tag-headlines","tag-latest-news","tag-latestnews","tag-news","tag-populaarseimad-lood","tag-taavi-eilat","tag-top-stories","tag-topstories","tag-uldised-uudised","tag-uudised","tag-viimased-uudised"],"share_on_mastodon":{"url":"https:\/\/pubeurope.com\/@ee\/117212239972672265","error":""},"_links":{"self":[{"href":"https:\/\/www.europesays.com\/ee\/wp-json\/wp\/v2\/posts\/268353","targetHints":{"allow":["GET"]}}],"collection":[{"href":"https:\/\/www.europesays.com\/ee\/wp-json\/wp\/v2\/posts"}],"about":[{"href":"https:\/\/www.europesays.com\/ee\/wp-json\/wp\/v2\/types\/post"}],"author":[{"embeddable":true,"href":"https:\/\/www.europesays.com\/ee\/wp-json\/wp\/v2\/users\/2"}],"replies":[{"embeddable":true,"href":"https:\/\/www.europesays.com\/ee\/wp-json\/wp\/v2\/comments?post=268353"}],"version-history":[{"count":0,"href":"https:\/\/www.europesays.com\/ee\/wp-json\/wp\/v2\/posts\/268353\/revisions"}],"wp:featuredmedia":[{"embeddable":true,"href":"https:\/\/www.europesays.com\/ee\/wp-json\/wp\/v2\/media\/268354"}],"wp:attachment":[{"href":"https:\/\/www.europesays.com\/ee\/wp-json\/wp\/v2\/media?parent=268353"}],"wp:term":[{"taxonomy":"category","embeddable":true,"href":"https:\/\/www.europesays.com\/ee\/wp-json\/wp\/v2\/categories?post=268353"},{"taxonomy":"post_tag","embeddable":true,"href":"https:\/\/www.europesays.com\/ee\/wp-json\/wp\/v2\/tags?post=268353"}],"curies":[{"name":"wp","href":"https:\/\/api.w.org\/{rel}","templated":true}]}}