{"id":268355,"date":"2026-09-04T10:19:23","date_gmt":"2026-09-04T10:19:23","guid":{"rendered":"https:\/\/www.europesays.com\/ee\/268355\/"},"modified":"2026-09-04T10:19:23","modified_gmt":"2026-09-04T10:19:23","slug":"harry-ja-meghan-tagasi-inglismaal-nuud-selgus-mida-prints-william-ja-catherine-sellest-arvavad","status":"publish","type":"post","link":"https:\/\/www.europesays.com\/ee\/268355\/","title":{"rendered":"Harry ja Meghan tagasi Inglismaal \u2013 n\u00fc\u00fcd selgus, mida prints William ja Catherine sellest arvavad"},"content":{"rendered":"<p>Prints Harry ja Meghan Markle on viimastel n\u00e4dalatel meediaveergudel olnud rohkem kui k\u00fcll. Paar kolis p\u00e4rast kuut aastat USAs tagasi Inglismaale, otsib uut kodu, pani lapsed kohalikku kooli ning soovib v\u00e4idetavalt kuningas Charles III-ga paremaid suhteid. K\u00f5ige selle valguses on viimaks selgunud, mida arvavad sellest prints William ja printsess Catherine.<\/p>\n","protected":false},"excerpt":{"rendered":"Prints Harry ja Meghan Markle on viimastel n\u00e4dalatel meediaveergudel olnud rohkem kui k\u00fcll. Paar kolis p\u00e4rast kuut aastat&hellip;\n","protected":false},"author":2,"featured_media":268356,"comment_status":"","ping_status":"","sticky":false,"template":"","format":"standard","meta":{"footnotes":"","_share_on_mastodon":"0"},"categories":[16],"tags":[587,6701,71117,37,33,35,173,34,36,1101,39169,2676,103818,140,2214,1400,1004,1008,103817,1006],"class_list":["post-268355","post","type-post","status-publish","format-standard","has-post-thumbnail","category-meelelahutus","tag-ameerika-uhendriigid","tag-briti-kuninglik-perekond","tag-cotswolds","tag-ee","tag-eesti","tag-eesti-keel","tag-entertainment","tag-estonia","tag-estonian","tag-inglismaa","tag-kuninganna-camilla","tag-kuningas-charles-iii","tag-kuninglikud-kohustused","tag-meelelahutus","tag-meghan-markle","tag-prints-harry","tag-prints-william","tag-printsess-catherine","tag-sussexi-hertsogid","tag-windsor"],"share_on_mastodon":{"url":"https:\/\/pubeurope.com\/@ee\/117212267519570568","error":""},"_links":{"self":[{"href":"https:\/\/www.europesays.com\/ee\/wp-json\/wp\/v2\/posts\/268355","targetHints":{"allow":["GET"]}}],"collection":[{"href":"https:\/\/www.europesays.com\/ee\/wp-json\/wp\/v2\/posts"}],"about":[{"href":"https:\/\/www.europesays.com\/ee\/wp-json\/wp\/v2\/types\/post"}],"author":[{"embeddable":true,"href":"https:\/\/www.europesays.com\/ee\/wp-json\/wp\/v2\/users\/2"}],"replies":[{"embeddable":true,"href":"https:\/\/www.europesays.com\/ee\/wp-json\/wp\/v2\/comments?post=268355"}],"version-history":[{"count":0,"href":"https:\/\/www.europesays.com\/ee\/wp-json\/wp\/v2\/posts\/268355\/revisions"}],"wp:featuredmedia":[{"embeddable":true,"href":"https:\/\/www.europesays.com\/ee\/wp-json\/wp\/v2\/media\/268356"}],"wp:attachment":[{"href":"https:\/\/www.europesays.com\/ee\/wp-json\/wp\/v2\/media?parent=268355"}],"wp:term":[{"taxonomy":"category","embeddable":true,"href":"https:\/\/www.europesays.com\/ee\/wp-json\/wp\/v2\/categories?post=268355"},{"taxonomy":"post_tag","embeddable":true,"href":"https:\/\/www.europesays.com\/ee\/wp-json\/wp\/v2\/tags?post=268355"}],"curies":[{"name":"wp","href":"https:\/\/api.w.org\/{rel}","templated":true}]}}