{"id":268361,"date":"2026-09-04T10:24:10","date_gmt":"2026-09-04T10:24:10","guid":{"rendered":"https:\/\/www.europesays.com\/ee\/268361\/"},"modified":"2026-09-04T10:24:10","modified_gmt":"2026-09-04T10:24:10","slug":"ppa-lahisuhtevagivalla-juhtumid-kinnitavad-et-vajadus-pikema-viibimiskeelu-jargi-oli-olemas","status":"publish","type":"post","link":"https:\/\/www.europesays.com\/ee\/268361\/","title":{"rendered":"PPA: l\u00e4hisuhtev\u00e4givalla juhtumid kinnitavad, et vajadus pikema viibimiskeelu j\u00e4rgi oli olemas"},"content":{"rendered":"<p><a rel=\"noopener nofollow\" target=\"_blank\" href=\"https:\/\/www.delfi.ee\/teema\/34268625\/politsei-ja-piirivalveamet\" tag-id=\"34268625\">Politsei- ja piirivalveameti<\/a> peadirektori aset\u00e4itja <a rel=\"noopener nofollow\" target=\"_blank\" href=\"https:\/\/www.delfi.ee\/teema\/96881829\/kristi-mae\" tag-id=\"96881829\">Kristi M\u00e4e<\/a> s\u00f5nul kehtestab politsei kuni 72-tunnise viibimiskeelu eelk\u00f5ige olukordades, kus kannatanule on vahetu oht v\u00f5i abi leidmise v\u00f5imalused on piiratud. \u201eSee, et nii l\u00fchikese aja jooksul on k\u00fcmneid juhtumeid, kus meil on vaja l\u00e4inud maksimaalse pikkusega viibimiskeeldu, kinnitab, et selle j\u00e4rgi oli selge vajadus,\u201c r\u00e4\u00e4kis M\u00e4e.<\/p>\n<p>Tema s\u00f5nul oli pikem viibimiskeeld vajalik, et anda aega olukorra maha rahunemiseks, aga veel enam, et kannatanul oleks v\u00f5imalik p\u00f6\u00f6rduda <a rel=\"noopener nofollow\" target=\"_blank\" href=\"https:\/\/www.delfi.ee\/teema\/72357979\/ohvriabi\" tag-id=\"72357979\">ohvriabisse<\/a>. \u201eJa kuigi me ei tea, kui paljud p\u00e4riselt tuge otsivad, siis statistika n\u00e4itab, et enamikel juhtudel, kus on m\u00e4\u00e4ratud maksimaalne viibimiskeeld, ei ole enam v\u00e4givald kordunud,\u201c s\u00f5nas M\u00e4e. \u201eV\u00e4givaldsest suhtest lahkumine on tingimata v\u00e4ga raske. Samas annab see statistika veidi lootust, et viibimiskeeld aitab v\u00e4hendada korduvv\u00e4givalda ning annab kannatanutele v\u00f5imaluse abi leida ja oma edasisi samme planeerida.\u201c <\/p>\n<p>\u201eNeed 32 juhtumit n\u00e4itavad, et 72-tunnist viibimiskeeldu oli p\u00e4riselt vaja. Kui me selle muudatuse tegime, oli eesm\u00e4rk v\u00e4ga lihtne \u2013 politseil peab olema v\u00f5imalus kaitsta v\u00e4givalla ohvrit ka siis, kui on oht v\u00e4givalla kordumiseks. Iga sellise juhtumi taga on inimene, kellele need 72 tundi annavad turvatunde ja v\u00f5imaluse rahulikult oma j\u00e4rgmised sammud l\u00e4bi m\u00f5elda. \u00dche seadusemuudatusega l\u00e4hisuhtev\u00e4givalla probleem muidugi ei kao, aga statistika kinnitab, et astusime ohvrite kaitseks vajaliku sammu,\u201c \u00fctles siseminister <a rel=\"noopener nofollow\" target=\"_blank\" href=\"https:\/\/www.delfi.ee\/teema\/64007199\/igor-taro\" tag-id=\"64007199\">Igor Taro<\/a>.<\/p>\n<p>Viibimiskeeld on ajutine meede, mis kohustab v\u00e4givalla toime pannud inimesel s\u00fcndmuskohalt lahkuda ning keelab tal sinna teatud aja jooksul naasta. Viibimiskeelu eesm\u00e4rk on anda kannatanutele parem kaitse olukordades, kus on oht v\u00e4givalla kordumiseks v\u00f5i eskaleerumiseks.<\/p>\n<p>Enamik juhtumeid, kus 72-tunnist viibimiskeeldu rakendati, olid seotud endiste v\u00f5i praeguste paarisuhetega. <a rel=\"noopener nofollow\" target=\"_blank\" href=\"https:\/\/www.delfi.ee\/teema\/31122441\/eesti\" tag-id=\"31122441\">Eestis<\/a> registreeriti eelmisel aastal ligi 9600 l\u00e4hisuhtev\u00e4givalla juhtumit. Politsei rakendab igal aastal viibimiskeeldu ligikaudu 500 l\u00e4hisuhtev\u00e4givalla juhtumi puhul.<\/p>\n<p><a href=\"https:\/\/www.delfi.ee\/artikkel\/120608404\/ppa-lahisuhtevagivalla-juhtumid-kinnitavad-et-vajadus-pikema-viibimiskeelu-jargi-oli-olemas\/kommentaarid\" class=\"button button--primary button--size-auto article-body-bottom__comment article-body-bottom__comment--write\" style=\"\" rel=\"nofollow noopener\" target=\"_blank\">Kommenteeri<\/a><a href=\"https:\/\/www.delfi.ee\/artikkel\/120608404\/ppa-lahisuhtevagivalla-juhtumid-kinnitavad-et-vajadus-pikema-viibimiskeelu-jargi-oli-olemas\/kommentaarid\" class=\"button button--size-auto article-body-bottom__comment article-body-bottom__comment--read\" style=\"\" rel=\"nofollow noopener\" target=\"_blank\">Loe kommentaare <\/a><\/p>\n","protected":false},"excerpt":{"rendered":"Politsei- ja piirivalveameti peadirektori aset\u00e4itja Kristi M\u00e4e s\u00f5nul kehtestab politsei kuni 72-tunnise viibimiskeelu eelk\u00f5ige olukordades, kus kannatanule on&hellip;\n","protected":false},"author":2,"featured_media":268362,"comment_status":"","ping_status":"","sticky":false,"template":"","format":"standard","meta":{"footnotes":"","_share_on_mastodon":"0"},"categories":[5],"tags":[26,27,37,33,35,34,36,31,32,21,614,30028,9011,28,29,19,22852,2920,25,23,24,22,20,60,30],"class_list":["post-268361","post","type-post","status-publish","format-standard","has-post-thumbnail","category-uldised-uudised","tag-breaking-news","tag-breakingnews","tag-ee","tag-eesti","tag-eesti-keel","tag-estonia","tag-estonian","tag-featured-news","tag-featurednews","tag-headlines","tag-igor-taro","tag-kristi-mae","tag-lahisuhtevagivald","tag-latest-news","tag-latestnews","tag-news","tag-ohvriabi","tag-politsei-ja-piirivalveamet","tag-populaarseimad-lood","tag-top-stories","tag-topstories","tag-uldised-uudised","tag-uudised","tag-viibimiskeeld","tag-viimased-uudised"],"share_on_mastodon":{"url":"https:\/\/pubeurope.com\/@ee\/117212287008093375","error":""},"_links":{"self":[{"href":"https:\/\/www.europesays.com\/ee\/wp-json\/wp\/v2\/posts\/268361","targetHints":{"allow":["GET"]}}],"collection":[{"href":"https:\/\/www.europesays.com\/ee\/wp-json\/wp\/v2\/posts"}],"about":[{"href":"https:\/\/www.europesays.com\/ee\/wp-json\/wp\/v2\/types\/post"}],"author":[{"embeddable":true,"href":"https:\/\/www.europesays.com\/ee\/wp-json\/wp\/v2\/users\/2"}],"replies":[{"embeddable":true,"href":"https:\/\/www.europesays.com\/ee\/wp-json\/wp\/v2\/comments?post=268361"}],"version-history":[{"count":0,"href":"https:\/\/www.europesays.com\/ee\/wp-json\/wp\/v2\/posts\/268361\/revisions"}],"wp:featuredmedia":[{"embeddable":true,"href":"https:\/\/www.europesays.com\/ee\/wp-json\/wp\/v2\/media\/268362"}],"wp:attachment":[{"href":"https:\/\/www.europesays.com\/ee\/wp-json\/wp\/v2\/media?parent=268361"}],"wp:term":[{"taxonomy":"category","embeddable":true,"href":"https:\/\/www.europesays.com\/ee\/wp-json\/wp\/v2\/categories?post=268361"},{"taxonomy":"post_tag","embeddable":true,"href":"https:\/\/www.europesays.com\/ee\/wp-json\/wp\/v2\/tags?post=268361"}],"curies":[{"name":"wp","href":"https:\/\/api.w.org\/{rel}","templated":true}]}}