{"id":268371,"date":"2026-09-04T10:41:15","date_gmt":"2026-09-04T10:41:15","guid":{"rendered":"https:\/\/www.europesays.com\/ee\/268371\/"},"modified":"2026-09-04T10:41:15","modified_gmt":"2026-09-04T10:41:15","slug":"krypt-alustab-uut-sugishooaega-enam-kui-50-bandi-ja-mitmekesise-programmiga","status":"publish","type":"post","link":"https:\/\/www.europesays.com\/ee\/268371\/","title":{"rendered":"Krypt alustab uut s\u00fcgishooaega enam kui 50 b\u00e4ndi ja mitmekesise programmiga"},"content":{"rendered":"<p class=\"MsoNormal\">Viimastel aastatel on Krypt kujunenud \u00fcheks aktiivsemaks kontsertklubiks Eesti alternatiivmuusika skeenel. Klubi oman\u00e4oline \u00f5udusteemaline interj\u00f6\u00f6r, keskendumine underground-muusikale ning rahvusvaheline programm on toonud sinna nii kohalikke muusikas\u00f5pru kui ka v\u00e4lisk\u00fclalisi. 2024. aastal tunnustas raadio Rock FM Krypti ka Aasta korraldaja tiitliga. Mullu talvel nomineeriti \u00fcks klubi juhatajatest ka \u00bbVenue manager of the year\u00bb tiitlile Euroopa WILM auhinnatel.<\/p>\n<p class=\"MsoNormal\">Krypti uus hooaeg algab 4. septembril tasuta kontserdiga, kus astub eksklusiivse akustilise kavaga \u00fcles Kosmikutest tuntud Hainz. 12. septembril toimub rahvusvaheline industriaalmuusika \u00f5htu, mille peaesinejaks on Itaalia b\u00e4nd PsyCholies. Neid soojendavad Eesti artistid Freakangel ja Sugar Rody. N\u00e4dal hiljem, 19. septembril, astub esmakordselt Eestis lavale Ungarist p\u00e4rit progressiivse metali b\u00e4nd Zord.<\/p>\n<p class=\"MsoNormal\">S\u00fcgishooaja jooksul j\u00f5uavad Krypti lavale mitmed kohalikud b\u00e4ndid, kes esitlevad oma v\u00e4rskelt ilmunud loomingut. N\u00e4iteks laup\u00e4eval 26.septembril kannab ette kohalik thrash-metal b\u00e4nd Riser oma deb\u00fc\u00fctalbumit. 24. oktoobril toimub aga kohaliku black metal&#8217;i ansambli K\u00f5du uue albumi esmaesitlus.<\/p>\n<p>Halloween toob Krypti eriprogrammi<\/p>\n<p class=\"MsoNormal\">Halloween on Krypti jaoks \u00fcks aasta olulisemaid s\u00fcndmusi ning ka t\u00e4navu on selleks puhuks kokku pandud terve n\u00e4dalavahetus eriilmeliste ettev\u00f5tmistega. 30. oktoobril toimub m\u00fcstiline tantsuetendus. 31. oktoobril leiab aset peres\u00f5bralik ja LGBT+ s\u00f5bralik p\u00e4evane pidu, kus jagub m\u00e4nge ja tegevusi igas vanuses k\u00fclalistele. P\u00e4evane programm pakub v\u00f5imalust kogeda muusikaklubi tavap\u00e4rasest erinevas v\u00f5tmes.<\/p>\n<p class=\"MsoNormal\">1. novembri \u00f5htu sisustatakse Halloweeni-teemalise karaokev\u00f5istlusega, mille k\u00e4igus valitakse lisaks parimatele esinejatele ka \u00f5htu parim kost\u00fc\u00fcm. Taas toimub ka Halloweeni-teemaline kirbuturg, mis on varasematel aastatel osutunud alternatiivse kogukonna seas v\u00e4ga populaarseks.<\/p>\n","protected":false},"excerpt":{"rendered":"Viimastel aastatel on Krypt kujunenud \u00fcheks aktiivsemaks kontsertklubiks Eesti alternatiivmuusika skeenel. Klubi oman\u00e4oline \u00f5udusteemaline interj\u00f6\u00f6r, keskendumine underground-muusikale ning&hellip;\n","protected":false},"author":2,"featured_media":268372,"comment_status":"","ping_status":"","sticky":false,"template":"","format":"standard","meta":{"footnotes":"","_share_on_mastodon":"0"},"categories":[16],"tags":[194,180,186,37,33,35,199,173,182,181,34,36,183,193,178,176,190,185,184,187,191,140,195,201,198,188,179,189,192,177,196,200,197],"class_list":["post-268371","post","type-post","status-publish","format-standard","has-post-thumbnail","category-meelelahutus","tag-arhitektuur","tag-arvustus","tag-draamateater","tag-ee","tag-eesti","tag-eesti-keel","tag-endla","tag-entertainment","tag-esietendus","tag-esilinastus","tag-estonia","tag-estonian","tag-etendus","tag-graafika","tag-kirjandus","tag-kultuur","tag-kunst","tag-lava","tag-lavastus","tag-linnateater","tag-maal","tag-meelelahutus","tag-naitus","tag-novel","tag-nuku","tag-ooper","tag-raamat","tag-rahvusooper","tag-skulptuur","tag-teater","tag-ugala","tag-vaba-lava","tag-vanemuine"],"share_on_mastodon":{"url":"https:\/\/pubeurope.com\/@ee\/117212354121625621","error":""},"_links":{"self":[{"href":"https:\/\/www.europesays.com\/ee\/wp-json\/wp\/v2\/posts\/268371","targetHints":{"allow":["GET"]}}],"collection":[{"href":"https:\/\/www.europesays.com\/ee\/wp-json\/wp\/v2\/posts"}],"about":[{"href":"https:\/\/www.europesays.com\/ee\/wp-json\/wp\/v2\/types\/post"}],"author":[{"embeddable":true,"href":"https:\/\/www.europesays.com\/ee\/wp-json\/wp\/v2\/users\/2"}],"replies":[{"embeddable":true,"href":"https:\/\/www.europesays.com\/ee\/wp-json\/wp\/v2\/comments?post=268371"}],"version-history":[{"count":0,"href":"https:\/\/www.europesays.com\/ee\/wp-json\/wp\/v2\/posts\/268371\/revisions"}],"wp:featuredmedia":[{"embeddable":true,"href":"https:\/\/www.europesays.com\/ee\/wp-json\/wp\/v2\/media\/268372"}],"wp:attachment":[{"href":"https:\/\/www.europesays.com\/ee\/wp-json\/wp\/v2\/media?parent=268371"}],"wp:term":[{"taxonomy":"category","embeddable":true,"href":"https:\/\/www.europesays.com\/ee\/wp-json\/wp\/v2\/categories?post=268371"},{"taxonomy":"post_tag","embeddable":true,"href":"https:\/\/www.europesays.com\/ee\/wp-json\/wp\/v2\/tags?post=268371"}],"curies":[{"name":"wp","href":"https:\/\/api.w.org\/{rel}","templated":true}]}}