{"id":268383,"date":"2026-09-04T10:57:20","date_gmt":"2026-09-04T10:57:20","guid":{"rendered":"https:\/\/www.europesays.com\/ee\/268383\/"},"modified":"2026-09-04T10:57:20","modified_gmt":"2026-09-04T10:57:20","slug":"martin-herem-peaminister-michal-kusis-kas-oleksin-valmis-kaitseministriks-hakkama","status":"publish","type":"post","link":"https:\/\/www.europesays.com\/ee\/268383\/","title":{"rendered":"Martin Herem: peaminister Michal k\u00fcsis, kas oleksin valmis kaitseministriks hakkama"},"content":{"rendered":"<p>Endine kaitsev\u00e4e juhataja, praegune Tartu \u00fclikooli professor Martin Herem \u00fctles, et k\u00e4is t\u00e4na peaminister Kristen Michali taskuh\u00e4\u00e4lingu saates k\u00fclas. \u201eSeoses sealk\u00e4imisega me r\u00e4\u00e4kisime sel teemal, v\u00f5imalikust kaitseministrist,\u201c lausus ta.<\/p>\n<p>Siiski ei saa tema s\u00f5nul \u00f6elda, et talle oleks Michal teinud ettepaneku. \u201eTa muidugi r\u00e4\u00e4kis kaitseministri otsingust ja uuris pinda,\u201c m\u00e4rkis Herem. Seda k\u00fcsis Michal tema s\u00f5nul saatev\u00e4liselt. \u201eKombiti.\u201c<\/p>\n","protected":false},"excerpt":{"rendered":"Endine kaitsev\u00e4e juhataja, praegune Tartu \u00fclikooli professor Martin Herem \u00fctles, et k\u00e4is t\u00e4na peaminister Kristen Michali taskuh\u00e4\u00e4lingu saates&hellip;\n","protected":false},"author":2,"featured_media":268384,"comment_status":"","ping_status":"","sticky":false,"template":"","format":"standard","meta":{"footnotes":"","_share_on_mastodon":"0"},"categories":[5],"tags":[687,679,667,26,27,673,688,663,662,37,33,35,684,683,692,34,36,31,32,208,148,21,206,668,669,381,686,677,694,691,339,680,28,29,671,672,377,690,144,678,665,19,693,676,666,25,322,664,150,695,685,159,394,682,674,675,23,24,689,222,22,20,670,681,149,30],"class_list":["post-268383","post","type-post","status-publish","format-standard","has-post-thumbnail","category-uldised-uudised","tag-ajaviide","tag-autoleht","tag-blog","tag-breaking-news","tag-breakingnews","tag-cv","tag-date","tag-defli","tag-delfi","tag-ee","tag-eesti","tag-eesti-keel","tag-ekaart","tag-email","tag-erootika","tag-estonia","tag-estonian","tag-featured-news","tag-featurednews","tag-film","tag-foto","tag-headlines","tag-horoskoop","tag-ilm","tag-ilmaennustus","tag-internet","tag-kaart","tag-kava","tag-kindlustus","tag-kinnisvara","tag-kuulutused","tag-lasteleht","tag-latest-news","tag-latestnews","tag-loto","tag-majandus","tag-mangud","tag-mobiil","tag-muusika","tag-naisteleht","tag-naljad","tag-news","tag-otsing","tag-pank","tag-pilt","tag-populaarseimad-lood","tag-raadio","tag-reklaam","tag-seks","tag-sms","tag-solo","tag-sport","tag-tarkvara","tag-tasuta","tag-too","tag-toopakkumised","tag-top-stories","tag-topstories","tag-tutvus","tag-tv","tag-uldised-uudised","tag-uudised","tag-valimised","tag-valuuta","tag-video","tag-viimased-uudised"],"share_on_mastodon":{"url":"","error":"Validation failed: Text character limit of 500 exceeded"},"_links":{"self":[{"href":"https:\/\/www.europesays.com\/ee\/wp-json\/wp\/v2\/posts\/268383","targetHints":{"allow":["GET"]}}],"collection":[{"href":"https:\/\/www.europesays.com\/ee\/wp-json\/wp\/v2\/posts"}],"about":[{"href":"https:\/\/www.europesays.com\/ee\/wp-json\/wp\/v2\/types\/post"}],"author":[{"embeddable":true,"href":"https:\/\/www.europesays.com\/ee\/wp-json\/wp\/v2\/users\/2"}],"replies":[{"embeddable":true,"href":"https:\/\/www.europesays.com\/ee\/wp-json\/wp\/v2\/comments?post=268383"}],"version-history":[{"count":0,"href":"https:\/\/www.europesays.com\/ee\/wp-json\/wp\/v2\/posts\/268383\/revisions"}],"wp:featuredmedia":[{"embeddable":true,"href":"https:\/\/www.europesays.com\/ee\/wp-json\/wp\/v2\/media\/268384"}],"wp:attachment":[{"href":"https:\/\/www.europesays.com\/ee\/wp-json\/wp\/v2\/media?parent=268383"}],"wp:term":[{"taxonomy":"category","embeddable":true,"href":"https:\/\/www.europesays.com\/ee\/wp-json\/wp\/v2\/categories?post=268383"},{"taxonomy":"post_tag","embeddable":true,"href":"https:\/\/www.europesays.com\/ee\/wp-json\/wp\/v2\/tags?post=268383"}],"curies":[{"name":"wp","href":"https:\/\/api.w.org\/{rel}","templated":true}]}}