{"id":268385,"date":"2026-09-04T11:03:17","date_gmt":"2026-09-04T11:03:17","guid":{"rendered":"https:\/\/www.europesays.com\/ee\/268385\/"},"modified":"2026-09-04T11:03:17","modified_gmt":"2026-09-04T11:03:17","slug":"kohvrid-kokku-%e2%9f%a9-perekond-parved-kolivad-eestist-ara-hakkame-oma-elusid-taiel-rinnal-nautima","status":"publish","type":"post","link":"https:\/\/www.europesays.com\/ee\/268385\/","title":{"rendered":"KOHVRID KOKKU! \u27e9 Perekond Parved kolivad Eestist \u00e4ra: hakkame oma elusid t\u00e4iel rinnal nautima"},"content":{"rendered":"<p>M\u00f5ned p\u00e4evad tagasi teatas Jesper Parve, et Instagrami tehtud postituses, et ees on ootamas \u00fcks uus peat\u00fckk.<\/p>\n<p>Muuhulgas t\u00e4nas Hiiumaad kui Hiiumaal asuvat Pihla inspiratsioonitalu l\u00f5ppenud hooaja ees. \u00abSee aasta te kuidagi hoidsite meie peret kuidagi eriti hellalt ja h\u00e4sti.\u00bb<\/p>\n<p>Jesper vihjas, et n\u00fc\u00fcd ootab pere ees p\u00e4ikeselisem peat\u00fckk. \u00abN\u00fc\u00fcd j\u00e4rgneme p\u00e4iksele m\u00f5neks ajaks, aga kohtume koos sookurgedega teiega juba uuel kevadel. Kallistame,\u00bb kirjutas Jesper Instagrami story&#8217;s.<\/p>\n<p>Teadaolevalt kolib perekond aastaks ajaks Hispaaniasse.<\/p>\n<p>Kogu teekonda jagatakse ka enda j\u00e4lgijatega.<\/p>\n<p>\u00abHakkame oma elusid t\u00e4iel rinnal nautima ja v\u00f5tame teid endaga kaasa! Peagi ilmub blogi, kus hakkame k\u00f5ike teiega jagama l\u00e4hemalt. See saab olema \u00fcks hea aasta,\u00bb lubas Jesper enda Instagrami f\u00e4nnidele.<\/p>\n<p>Pikka aega on perekond p\u00fc\u00fcdnud uut \u00fc\u00fcrilist leida ka nende Viljandis asuvale majale.<\/p>\n<blockquote class=\"quote ck-widget\" contenteditable=\"false\">\n<p><a target=\"_blank\" rel=\"noopener noreferrer nofollow\" href=\"https:\/\/elu24.postimees.ee\/8475355\/pilk-peale-perekond-parved-annavad-enda-7-toalise-jarveaarse-maja-viljandis-rendile\">PILK PEALE \u27e9 Perekond Parved annavad enda 7-toalise j\u00e4rve\u00e4\u00e4rse maja Viljandis rendile<\/a><\/p>\n<\/blockquote>\n<p>Paari peres kasvab kolm last: Aaron Troy, Thor Ragnar ja Maria Luna.<\/p>\n<p>2024. aastal kolis perekond Hiiumaalt mandrile, Viljandisse.<\/p>\n<p>Seal avas pere ka Parvede multistuudio \u2013 paiga, kus on nii raamatupood, disainipood kui kohvik.<\/p>\n<blockquote class=\"quote ck-widget\" contenteditable=\"false\">\n<p><a target=\"_blank\" rel=\"noopener noreferrer nofollow\" href=\"https:\/\/elu24.postimees.ee\/8058639\/uus-peatukk-jesper-parve-kolib-koos-perega-tagasi-mandrile-juba-kuu-aja-parast-oleme-selle-kena-linna-elanikud\">UUS PEAT\u00dcKK \u27e9 Jesper Parve kolib koos perega tagasi mandrile: juba kuu aja p\u00e4rast oleme selle kena linna elanikud<\/a><\/p>\n<\/blockquote>\n","protected":false},"excerpt":{"rendered":"M\u00f5ned p\u00e4evad tagasi teatas Jesper Parve, et Instagrami tehtud postituses, et ees on ootamas \u00fcks uus peat\u00fckk. Muuhulgas&hellip;\n","protected":false},"author":2,"featured_media":268386,"comment_status":"","ping_status":"","sticky":false,"template":"","format":"standard","meta":{"footnotes":"","_share_on_mastodon":"0"},"categories":[16],"tags":[95836,37,33,35,173,34,36,3218,110,5922,48091,28974,140,103827,103828,60427,42113,986],"class_list":["post-268385","post","type-post","status-publish","format-standard","has-post-thumbnail","category-meelelahutus","tag-blogi","tag-ee","tag-eesti","tag-eesti-keel","tag-entertainment","tag-estonia","tag-estonian","tag-hiiumaa","tag-hispaania","tag-instagram","tag-jesper-parve","tag-mari-ojasaar-parve","tag-meelelahutus","tag-perekond-parve","tag-pihla-inspiratsioonitalu","tag-uurikodu","tag-valjaranne","tag-viljandi"],"share_on_mastodon":{"url":"https:\/\/pubeurope.com\/@ee\/117212440470548216","error":""},"_links":{"self":[{"href":"https:\/\/www.europesays.com\/ee\/wp-json\/wp\/v2\/posts\/268385","targetHints":{"allow":["GET"]}}],"collection":[{"href":"https:\/\/www.europesays.com\/ee\/wp-json\/wp\/v2\/posts"}],"about":[{"href":"https:\/\/www.europesays.com\/ee\/wp-json\/wp\/v2\/types\/post"}],"author":[{"embeddable":true,"href":"https:\/\/www.europesays.com\/ee\/wp-json\/wp\/v2\/users\/2"}],"replies":[{"embeddable":true,"href":"https:\/\/www.europesays.com\/ee\/wp-json\/wp\/v2\/comments?post=268385"}],"version-history":[{"count":0,"href":"https:\/\/www.europesays.com\/ee\/wp-json\/wp\/v2\/posts\/268385\/revisions"}],"wp:featuredmedia":[{"embeddable":true,"href":"https:\/\/www.europesays.com\/ee\/wp-json\/wp\/v2\/media\/268386"}],"wp:attachment":[{"href":"https:\/\/www.europesays.com\/ee\/wp-json\/wp\/v2\/media?parent=268385"}],"wp:term":[{"taxonomy":"category","embeddable":true,"href":"https:\/\/www.europesays.com\/ee\/wp-json\/wp\/v2\/categories?post=268385"},{"taxonomy":"post_tag","embeddable":true,"href":"https:\/\/www.europesays.com\/ee\/wp-json\/wp\/v2\/tags?post=268385"}],"curies":[{"name":"wp","href":"https:\/\/api.w.org\/{rel}","templated":true}]}}