{"id":268391,"date":"2026-09-04T11:16:27","date_gmt":"2026-09-04T11:16:27","guid":{"rendered":"https:\/\/www.europesays.com\/ee\/268391\/"},"modified":"2026-09-04T11:16:27","modified_gmt":"2026-09-04T11:16:27","slug":"looduslik-savimask-mis-on-vallutanud-aknega-voitlejate-sudamed-miks-lerosett-on-saanud-kultustooteks","status":"publish","type":"post","link":"https:\/\/www.europesays.com\/ee\/268391\/","title":{"rendered":"Looduslik savimask, mis on vallutanud aknega v\u00f5itlejate s\u00fcdamed. Miks Lerosett on saanud kultustooteks?"},"content":{"rendered":"<p>Retsept \u00fchendab Rootsi nahauuringud ja Maroko savitraditsioonide iidse tarkuse<\/p>\n<p class=\"MsoNormal\">Lerosetti lugu algab 1980ndatel Rootsis, kus nahapetsialistid otsisid lahendust, mis oleks piisavalt \u00f5rn tundlikule nahale, kuid samas piisavalt tugev, et v\u00e4hendada p\u00f5letikku ja puhastada poore. Nii s\u00fcndiski retsept, mis on p\u00fcsinud muutumatuna \u00fcle 30 aasta.<\/p>\n<p class=\"MsoNormal\">Maski s\u00fcdameks on Maroko Atlase m\u00e4estikust p\u00e4rit ghassoul \u2013 mineraaliderikas savi, mida on kasutatud naha puhastamiseks juba antiikajast. Arenduse k\u00e4igus t\u00f6\u00f6tati v\u00e4lja patenteeritud ioonne savit\u00f6\u00f6tluse viis, mis muudab saviosakesed erakordselt imavaks. See t\u00e4hendab, et savi toimib nagu magnet, mis t\u00f5mbab nahast v\u00e4lja rasu, mustuse ja toksiinid.<\/p>\n<p class=\"MsoNormal\">Just see teaduslik l\u00e4henemine + iidne savi on loonud retsepti, mis on \u00fchtaegu minimalistlik ja erakordselt t\u00f5hus.<\/p>\n<p><img decoding=\"async\" src=\"https:\/\/www.europesays.com\/ee\/wp-content\/uploads\/2026\/09\/a5b37451-b88b-4864-89a2-c3c2b5f736bd.jpg\" loading=\"lazy\"\/><\/p>\n<p>Mis teeb Lerosetti savimaski eriliseks?<\/p>\n<p class=\"MsoNormal\">Lerosett on loodud spetsiaalselt aknele kalduva, rasuse ja segat\u00fc\u00fcpi naha jaoks. Maski originaalretsepti koostis on nii puhas, et sisaldab vaid kaht komponenti: iooniline savi ja destilleeritud vesi. See ei ole juhus \u2013 tarbetud lisaained v\u00f5ivad savi imamisv\u00f5imet v\u00e4hendada, mist\u00f5ttu on retsept teadlikult hoitud v\u00f5imalikult minimalistlik.<\/p>\n<ul>\n<li>\n<p class=\"MsoListParagraphCxSpFirst\">puhastab poorid s\u00fcgavuti;<\/p>\n<\/li>\n<li>\n<p class=\"MsoListParagraphCxSpMiddle\">v\u00e4hendab p\u00f5letikke;<\/p>\n<\/li>\n<li>\n<p class=\"MsoListParagraphCxSpMiddle\">tasakaalustab rasueritust;<\/p>\n<\/li>\n<li>\n<p class=\"MsoListParagraphCxSpMiddle\">muudab naha matiks ja klaariks;<\/p>\n<\/li>\n<li>\n<p class=\"MsoListParagraphCxSpLast\">kiirendab aknekahjustuste paranemist.<\/p>\n<\/li>\n<\/ul>\n<p class=\"MsoNormal\">Tulemuseks on mask, mis sobib nii teismelisele kui ka t\u00e4iskasvanule, nii tundlikule kui ka rasusele nahale.<\/p>\n<p><img decoding=\"async\" src=\"https:\/\/www.europesays.com\/ee\/wp-content\/uploads\/2026\/09\/f51f0cdb-fed8-4f3f-bee6-814d5adc66db.jpg\" loading=\"lazy\"\/><\/p>\n<p>Kellele Lerosett sobib?<\/p>\n<ul>\n<li>\n<p class=\"MsoListParagraphCxSpFirst\">Inimesed, kellel on p\u00fcsivad punnid ja komedoonid.<\/p>\n<\/li>\n<li>\n<p class=\"MsoListParagraphCxSpMiddle\">Need, kelle nahk l\u00e4igib juba l\u00f5unaks.<\/p>\n<\/li>\n<li>\n<p class=\"MsoListParagraphCxSpMiddle\">Kasutajad, kes otsivad \u00f5rna, kuid t\u00f5husat lahendust.<\/p>\n<\/li>\n<li>\n<p class=\"MsoListParagraphCxSpLast\">Inimesed, kelle nahk reageerib kergesti lisanditele ja l\u00f5hnaainetele.<\/p>\n<\/li>\n<\/ul>\n<p class=\"MsoNormal\">Minimalistlik koostis t\u00e4hendab, et mask ei sisalda midagi, mis v\u00f5iks nahka \u00e4rritada.<\/p>\n<p><img decoding=\"async\" src=\"https:\/\/www.europesays.com\/ee\/wp-content\/uploads\/2026\/09\/73689715-153d-4e62-b9f7-40e2952a4148.jpg\" loading=\"lazy\" alt=\"Toime kahe kuuga\"\/><\/p>\n<p>Kuidas maski kasutada?<\/p>\n<p class=\"MsoNormal\">Kanna nahale v\u00e4ga \u00f5huke kiht \u2013 peaaegu l\u00e4bipaistev. Lase m\u00f5juda 5\u201315 minutit ja loputa leige veega.<\/p>\n<p class=\"MsoNormal\">Punnile kandes v\u00f5ib mask v\u00e4hendada p\u00f5letikku m\u00f5ne tunniga. Ts\u00fcstilise akne korral soovitatakse j\u00e4tta mask punnile ka \u00f6\u00f6seks.<\/p>\n<p class=\"MsoNormal\">3. Igap\u00e4evase rutiini osana<\/p>\n<p class=\"MsoNormal\">V\u00e4ga rasuse ja p\u00f5letikulise naha korral v\u00f5ib maski kasutada iga p\u00e4ev. Kui nahk paraneb, piisab paarist korrast n\u00e4dalas.<\/p>\n<p class=\"MsoNormal\">Oluline on p\u00e4rast maski kasutamist nahka niisutada, et hoida tasakaalu.<\/p>\n<p class=\"MsoNormal\">Swederm on v\u00e4lja t\u00f6\u00f6tanud tervikliku Lerosetti n\u00e4ohoolduse komplekti, mis koosneb puhastusgeelist, savimaskist ja n\u00e4okreemist.<\/p>\n<p><img decoding=\"async\" src=\"https:\/\/www.europesays.com\/ee\/wp-content\/uploads\/2026\/09\/722599d8-18c2-4e74-bf78-8fca1de2d90a.jpg\" loading=\"lazy\" alt=\"Toime kolme kuuga\"\/><\/p>\n<p class=\"MsoNormal\">Kui tunned, et su nahk vajab l\u00f5puks midagi, mis p\u00e4riselt toimib?  Lerosett on lahendus, mis on aidanud tuhandetel inimestel taastada naha tasakaalu ja enesekindluse. Kui soovid n\u00e4ha, kas see v\u00f5iks t\u00f6\u00f6tada ka sinu nahal, leiad lisainfot ja tooted Glamico e-poest.<\/p>\n","protected":false},"excerpt":{"rendered":"Retsept \u00fchendab Rootsi nahauuringud ja Maroko savitraditsioonide iidse tarkuse Lerosetti lugu algab 1980ndatel Rootsis, kus nahapetsialistid otsisid lahendust,&hellip;\n","protected":false},"author":2,"featured_media":268392,"comment_status":"","ping_status":"","sticky":false,"template":"","format":"standard","meta":{"footnotes":"","_share_on_mastodon":"0"},"categories":[14],"tags":[9634,131,130,37,33,35,34,36,9635,5030,5396,2928],"class_list":["post-268391","post","type-post","status-publish","format-standard","has-post-thumbnail","category-ari","tag-anne-stiil","tag-ari","tag-business","tag-ee","tag-eesti","tag-eesti-keel","tag-estonia","tag-estonian","tag-ilutrendid","tag-karjaar","tag-mood","tag-suhted"],"share_on_mastodon":{"url":"https:\/\/pubeurope.com\/@ee\/117212491892798809","error":""},"_links":{"self":[{"href":"https:\/\/www.europesays.com\/ee\/wp-json\/wp\/v2\/posts\/268391","targetHints":{"allow":["GET"]}}],"collection":[{"href":"https:\/\/www.europesays.com\/ee\/wp-json\/wp\/v2\/posts"}],"about":[{"href":"https:\/\/www.europesays.com\/ee\/wp-json\/wp\/v2\/types\/post"}],"author":[{"embeddable":true,"href":"https:\/\/www.europesays.com\/ee\/wp-json\/wp\/v2\/users\/2"}],"replies":[{"embeddable":true,"href":"https:\/\/www.europesays.com\/ee\/wp-json\/wp\/v2\/comments?post=268391"}],"version-history":[{"count":0,"href":"https:\/\/www.europesays.com\/ee\/wp-json\/wp\/v2\/posts\/268391\/revisions"}],"wp:featuredmedia":[{"embeddable":true,"href":"https:\/\/www.europesays.com\/ee\/wp-json\/wp\/v2\/media\/268392"}],"wp:attachment":[{"href":"https:\/\/www.europesays.com\/ee\/wp-json\/wp\/v2\/media?parent=268391"}],"wp:term":[{"taxonomy":"category","embeddable":true,"href":"https:\/\/www.europesays.com\/ee\/wp-json\/wp\/v2\/categories?post=268391"},{"taxonomy":"post_tag","embeddable":true,"href":"https:\/\/www.europesays.com\/ee\/wp-json\/wp\/v2\/tags?post=268391"}],"curies":[{"name":"wp","href":"https:\/\/api.w.org\/{rel}","templated":true}]}}