{"id":268393,"date":"2026-09-04T11:19:26","date_gmt":"2026-09-04T11:19:26","guid":{"rendered":"https:\/\/www.europesays.com\/ee\/268393\/"},"modified":"2026-09-04T11:19:26","modified_gmt":"2026-09-04T11:19:26","slug":"kyiv-independent-trumpi-esindajate-esimene-visiit-kiievisse-on-kahtluse-all-sest-witkoff-hakkas-kartma","status":"publish","type":"post","link":"https:\/\/www.europesays.com\/ee\/268393\/","title":{"rendered":"Kyiv Independent: Trumpi esindajate esimene visiit Kiievisse on kahtluse all, sest Witkoff hakkas kartma"},"content":{"rendered":"<p>\u201eVenelased ei taha, et nad siia Kiievisse tuleksid, ja Witkoff on alati venelaste tunnete suhtes tundlik,\u201c \u00fctles allikas. \u201eNeile \u00f6eldakse, et see on ohtlik.\u201c<\/p>\n<p>USA esindajad kavatsesid Kiievisse lennukiga lennata, teatasid mitmed allikad Kyiv Independentile. See plaan on n\u00fc\u00fcd kahtluse all ja reisi ajastust m\u00f5jutavad potentsiaaliselt logistilised takistused. \u00dcks allikas \u00fctles Kyiv Independentile varem, et Witkoffile ei istu rongiga Kiievisse s\u00f5itmine.<\/p>\n<p>Ukraina president <a rel=\"noopener nofollow\" target=\"_blank\" href=\"https:\/\/www.delfi.ee\/teema\/85745477\/volodomor-zelenskoi\" tag-id=\"85745477\">Volod\u00f5m\u00f5r Zelensk\u00f5i<\/a> \u00fctles eile, et Witkoff ja Kushner kinnitasid, k\u00fclastavad Ukrainat ja esialgsed kuup\u00e4evad on paika pandud.<\/p>\n<p>Trumpi administratsioonile l\u00e4hedane allikas kinnitas Kyiv Independentile, et visiit on plaanis, aga \u00fctles ka, et see v\u00f5idakse veel t\u00fchistada.<\/p>\n<p>Kuidas see lugu Sind end tundma pani?Saada<a href=\"https:\/\/www.delfi.ee\/artikkel\/120608423\/kyiv-independent-trumpi-esindajate-esimene-visiit-kiievisse-on-kahtluse-all-sest-witkoff-hakkas-kartma\/kommentaarid\" class=\"button button--primary button--size-auto article-body-bottom__comment article-body-bottom__comment--write\" style=\"\" rel=\"nofollow noopener\" target=\"_blank\">Kommenteeri<\/a><a href=\"https:\/\/www.delfi.ee\/artikkel\/120608423\/kyiv-independent-trumpi-esindajate-esimene-visiit-kiievisse-on-kahtluse-all-sest-witkoff-hakkas-kartma\/kommentaarid\" class=\"button button--size-auto article-body-bottom__comment article-body-bottom__comment--read\" style=\"\" rel=\"nofollow noopener\" target=\"_blank\">Loe kommentaare (8)<\/a><\/p>\n","protected":false},"excerpt":{"rendered":"\u201eVenelased ei taha, et nad siia Kiievisse tuleksid, ja Witkoff on alati venelaste tunnete suhtes tundlik,\u201c \u00fctles allikas.&hellip;\n","protected":false},"author":2,"featured_media":268394,"comment_status":"","ping_status":"","sticky":false,"template":"","format":"standard","meta":{"footnotes":"","_share_on_mastodon":"0"},"categories":[5],"tags":[26,27,324,37,33,35,34,36,31,32,21,8831,1208,28,29,108,19,25,107,8832,23,24,22,325,20,30,263],"class_list":["post-268393","post","type-post","status-publish","format-standard","has-post-thumbnail","category-uldised-uudised","tag-breaking-news","tag-breakingnews","tag-donald-trump","tag-ee","tag-eesti","tag-eesti-keel","tag-estonia","tag-estonian","tag-featured-news","tag-featurednews","tag-headlines","tag-jared-kushner","tag-kiiev","tag-latest-news","tag-latestnews","tag-moskva","tag-news","tag-populaarseimad-lood","tag-soda-ukrainas","tag-steve-witkoff","tag-top-stories","tag-topstories","tag-uldised-uudised","tag-usa","tag-uudised","tag-viimased-uudised","tag-volodomor-zelenskoi"],"share_on_mastodon":{"url":"https:\/\/pubeurope.com\/@ee\/117212503180960358","error":""},"_links":{"self":[{"href":"https:\/\/www.europesays.com\/ee\/wp-json\/wp\/v2\/posts\/268393","targetHints":{"allow":["GET"]}}],"collection":[{"href":"https:\/\/www.europesays.com\/ee\/wp-json\/wp\/v2\/posts"}],"about":[{"href":"https:\/\/www.europesays.com\/ee\/wp-json\/wp\/v2\/types\/post"}],"author":[{"embeddable":true,"href":"https:\/\/www.europesays.com\/ee\/wp-json\/wp\/v2\/users\/2"}],"replies":[{"embeddable":true,"href":"https:\/\/www.europesays.com\/ee\/wp-json\/wp\/v2\/comments?post=268393"}],"version-history":[{"count":0,"href":"https:\/\/www.europesays.com\/ee\/wp-json\/wp\/v2\/posts\/268393\/revisions"}],"wp:featuredmedia":[{"embeddable":true,"href":"https:\/\/www.europesays.com\/ee\/wp-json\/wp\/v2\/media\/268394"}],"wp:attachment":[{"href":"https:\/\/www.europesays.com\/ee\/wp-json\/wp\/v2\/media?parent=268393"}],"wp:term":[{"taxonomy":"category","embeddable":true,"href":"https:\/\/www.europesays.com\/ee\/wp-json\/wp\/v2\/categories?post=268393"},{"taxonomy":"post_tag","embeddable":true,"href":"https:\/\/www.europesays.com\/ee\/wp-json\/wp\/v2\/tags?post=268393"}],"curies":[{"name":"wp","href":"https:\/\/api.w.org\/{rel}","templated":true}]}}