{"id":268403,"date":"2026-09-04T11:41:11","date_gmt":"2026-09-04T11:41:11","guid":{"rendered":"https:\/\/www.europesays.com\/ee\/268403\/"},"modified":"2026-09-04T11:41:11","modified_gmt":"2026-09-04T11:41:11","slug":"koik-asjad-peavad-sundima-kiiresti-ja-kohe-valisminister-lubas-tallinn-helsingi-tunneli-teema-valitsusse-viia","status":"publish","type":"post","link":"https:\/\/www.europesays.com\/ee\/268403\/","title":{"rendered":"\u201eK\u00f5ik asjad peavad s\u00fcndima kiiresti ja kohe.\u201c V\u00e4lisminister lubas Tallinn-Helsingi tunneli teema valitsusse viia"},"content":{"rendered":"<p>\u201eMa tervitan sellist v\u00e4lisministri avatut ja koost\u00f6\u00f6le suunatud suhtumist ja olen meeldivalt \u00fcllatunud, et ta v\u00f5ttis ise \u00fcles selle initsiatiivi, et kahe pealinna initsiatiiv ette valmistada, teha v\u00f5imalikuks s\u00e4ilitada v\u00f5imalus selle tunneli rajamiseks,\u201c lausus Tallinna linnapea Peeter Raudsepp (Isamaa) kohtumise j\u00e4rel. <\/p>\n<p>Raudsepa s\u00f5nul on Tsahkna valmis tunneli-k\u00fcsimuse valitsuse tasemele viima. \u201eEt tekiks selline hea loogiline koost\u00f6\u00f6jaotus, kus ekspertide tasemel teevad linnad koost\u00f6\u00f6d planeerimise valdkonnas, uuringuid l\u00e4biviies, enda planeeringuid kohendades ja v\u00f5imalusi lahti hoides,\u201c selgitas ta. \u201eValitsuse tasandil on v\u00f5imalik siis ka tegeleda juba \u00f5igel ajal riiklike planeeringutega ja kindlasti v\u00f5imalikult kohe ka niisuguste Euroopa Liidu fondide sobivuse v\u00f5i selle vastavuse testimisega v\u00f5i selle projekti vastavusse viimisega nende fondide n\u00f5uetega. \u00dches\u00f5naga otsida rahastust.\u201c <\/p>\n<p><a href=\"https:\/\/www.delfi.ee\/artikkel\/120608425\/koik-asjad-peavad-sundima-kiiresti-ja-kohe-valisminister-lubas-tallinn-helsingi-tunneli-teema-valitsusse-viia\/kommentaarid\" class=\"button button--primary button--size-auto article-body-bottom__comment article-body-bottom__comment--write\" style=\"\" rel=\"nofollow noopener\" target=\"_blank\">Kommenteeri<\/a><a href=\"https:\/\/www.delfi.ee\/artikkel\/120608425\/koik-asjad-peavad-sundima-kiiresti-ja-kohe-valisminister-lubas-tallinn-helsingi-tunneli-teema-valitsusse-viia\/kommentaarid\" class=\"button button--size-auto article-body-bottom__comment article-body-bottom__comment--read\" style=\"\" rel=\"nofollow noopener\" target=\"_blank\">Loe kommentaare (24)<\/a><\/p>\n","protected":false},"excerpt":{"rendered":"\u201eMa tervitan sellist v\u00e4lisministri avatut ja koost\u00f6\u00f6le suunatud suhtumist ja olen meeldivalt \u00fcllatunud, et ta v\u00f5ttis ise \u00fcles&hellip;\n","protected":false},"author":2,"featured_media":268404,"comment_status":"","ping_status":"","sticky":false,"template":"","format":"standard","meta":{"footnotes":"","_share_on_mastodon":"0"},"categories":[12],"tags":[687,679,667,26,27,673,688,663,662,37,33,35,684,683,692,34,36,31,32,208,148,21,206,668,669,381,686,677,694,691,339,680,28,29,671,672,377,690,144,678,665,19,693,676,666,25,322,664,150,695,685,159,394,682,674,675,23,24,689,222,22,20,670,681,149,30],"class_list":["post-268403","post","type-post","status-publish","format-standard","has-post-thumbnail","category-eesti","tag-ajaviide","tag-autoleht","tag-blog","tag-breaking-news","tag-breakingnews","tag-cv","tag-date","tag-defli","tag-delfi","tag-ee","tag-eesti","tag-eesti-keel","tag-ekaart","tag-email","tag-erootika","tag-estonia","tag-estonian","tag-featured-news","tag-featurednews","tag-film","tag-foto","tag-headlines","tag-horoskoop","tag-ilm","tag-ilmaennustus","tag-internet","tag-kaart","tag-kava","tag-kindlustus","tag-kinnisvara","tag-kuulutused","tag-lasteleht","tag-latest-news","tag-latestnews","tag-loto","tag-majandus","tag-mangud","tag-mobiil","tag-muusika","tag-naisteleht","tag-naljad","tag-news","tag-otsing","tag-pank","tag-pilt","tag-populaarseimad-lood","tag-raadio","tag-reklaam","tag-seks","tag-sms","tag-solo","tag-sport","tag-tarkvara","tag-tasuta","tag-too","tag-toopakkumised","tag-top-stories","tag-topstories","tag-tutvus","tag-tv","tag-uldised-uudised","tag-uudised","tag-valimised","tag-valuuta","tag-video","tag-viimased-uudised"],"share_on_mastodon":{"url":"","error":"Validation failed: Text character limit of 500 exceeded"},"_links":{"self":[{"href":"https:\/\/www.europesays.com\/ee\/wp-json\/wp\/v2\/posts\/268403","targetHints":{"allow":["GET"]}}],"collection":[{"href":"https:\/\/www.europesays.com\/ee\/wp-json\/wp\/v2\/posts"}],"about":[{"href":"https:\/\/www.europesays.com\/ee\/wp-json\/wp\/v2\/types\/post"}],"author":[{"embeddable":true,"href":"https:\/\/www.europesays.com\/ee\/wp-json\/wp\/v2\/users\/2"}],"replies":[{"embeddable":true,"href":"https:\/\/www.europesays.com\/ee\/wp-json\/wp\/v2\/comments?post=268403"}],"version-history":[{"count":0,"href":"https:\/\/www.europesays.com\/ee\/wp-json\/wp\/v2\/posts\/268403\/revisions"}],"wp:featuredmedia":[{"embeddable":true,"href":"https:\/\/www.europesays.com\/ee\/wp-json\/wp\/v2\/media\/268404"}],"wp:attachment":[{"href":"https:\/\/www.europesays.com\/ee\/wp-json\/wp\/v2\/media?parent=268403"}],"wp:term":[{"taxonomy":"category","embeddable":true,"href":"https:\/\/www.europesays.com\/ee\/wp-json\/wp\/v2\/categories?post=268403"},{"taxonomy":"post_tag","embeddable":true,"href":"https:\/\/www.europesays.com\/ee\/wp-json\/wp\/v2\/tags?post=268403"}],"curies":[{"name":"wp","href":"https:\/\/api.w.org\/{rel}","templated":true}]}}