{"id":268411,"date":"2026-09-04T11:57:07","date_gmt":"2026-09-04T11:57:07","guid":{"rendered":"https:\/\/www.europesays.com\/ee\/268411\/"},"modified":"2026-09-04T11:57:07","modified_gmt":"2026-09-04T11:57:07","slug":"aasta-olulisim-muusikavoistlus-tuleb-taas-eesti-laul-2027-startis-koos-muutustega-eesti-laul","status":"publish","type":"post","link":"https:\/\/www.europesays.com\/ee\/268411\/","title":{"rendered":"Aasta olulisim muusikav\u00f5istlus tuleb taas: Eesti Laul 2027 startis koos muutustega | Eesti Laul"},"content":{"rendered":"<p>4. septembri keskp\u00e4eval avanes Eesti Laul 2027 konkurss, mis kulmineerub suure finaalkontserdiga 30. jaanuaril Unibet Arenal.<\/p>\n<p>&#8220;Eesti on maailmale n\u00e4idanud, et oskame laulda ja tantsida, r\u00e4ppida ja rokkida. Millega j\u00e4rgmisena \u00fcllatame, s\u00f5ltub meie suurep\u00e4rastest autoritest ja lauljatest,&#8221; s\u00f5nas uue konkursi l\u00e4vel ERR-i elamussaadete peatoimetaja Karmel Killandi.<\/p>\n<p>Eesti Laulu konkursile saab lugusid esitada\u00a0kuni 8. oktoobri keskp\u00e4evani. Eesti Laulu produtsent Riin Vann soovitab juba konkursile tulles m\u00f5elda, kuidas vokaalne ja lavaline pool tervikuks kokku saab.<\/p>\n<p>&#8220;Eesti Laulu eelvooru \u017e\u00fcrii hindab laule k\u00fcll pimesi, aga Eurovisioonile j\u00f5udes tuleb haarata suurel laval miljoneid inimesi ja lavastusele peaks m\u00f5tlema kohe,&#8221; m\u00e4rkis ta.<\/p>\n<p>Eesti Laulu v\u00f5itja selgub suurel finaalkontserdil\u00a030. jaanuaril Unibet Arenal. Finaalis osaleb 12 lugu, mille on l\u00f5ppv\u00f5istlusele valinud v\u00e4hemalt 25 liikmest koosnev \u017e\u00fcrii. Eesti Laulu v\u00f5itja selgub superfinaali j\u00f5udnud kolme laulu seast rahvah\u00e4\u00e4letuse tulemusena.<\/p>\n<p>Esmakordselt annab ERR v\u00f5idulaulu autoritele v\u00f5imaluse otsustada, kas nad soovivad esindada Eestit Eurovisioonil.<\/p>\n<p>&#8220;Eurovisioon on artistile enneolematu v\u00f5imalus tutvustada end miljonite televaatajate ees, aga samas on see ka suur vastutus. Selleks, et sinna lavale minna, on tarvis s\u00f5u k\u00fcmme korda suurema lava jaoks \u00fcksikasjalikult l\u00e4bi m\u00f5elda. See t\u00e4hendab kuhja paberite t\u00e4itmist, t\u00e4pset ajakava ja p\u00fchendumist nootidest, tantsusammudest kuni kleidin\u00f6\u00f6pideni. See on v\u00f5rreldav Ironmaniga, mis on sarnaselt suurele triatlonile ka arvestatav rahaline v\u00e4ljaminek. See on paar kuud tihedat t\u00f6\u00f6d, mille nimel tuleb v\u00f5ib-olla koguni mitmetest esinemistest loobuda. Oleme Eurovisioonil artistidega neid teemasid arutanud ja n\u00fc\u00fcd annamegi v\u00f5imaluse k\u00f5ik rahulikult l\u00e4bi m\u00f5elda, aga aitame nii kuis oskame ja suudame,&#8221; selgitas Karmel Killandi muutust reeglites.<\/p>\n<p>Eesti Laul 2027 konkursile oodatakse laule nii Eesti kui ka v\u00e4lismaa autoritelt ja esitajatelt. Laulul peab olema v\u00e4hemalt \u00fcks Eesti Vabariigi kodanikust v\u00f5i residendist autor. Nii esitajate kui autorite puhul kehtib kuni viie laulu p\u00f5him\u00f5te. Eurovisiooni reeglitest l\u00e4htuvalt on t\u00f5usnud ka Eesti Laulul osalejate vanusepiir ja \u00fchegi esitaja s\u00fcnniaeg ei tohi olla hilisem kui 01.05.2009.<\/p>\n<p>Konkursil osalemise tasu on kuni 5. oktoobrini 50 eurot eestikeelse loo eest ning 100 eurot v\u00f5\u00f5r- v\u00f5i mitmekeelse laulu eest. Seej\u00e4rel on osalustasu vastavalt keelele 150 ja 250 eurot.<\/p>\n<p>Eesti Laul 2027 reglement, ajakava ja osalemiseks vajalik informatsioon on leitav Eesti Rahvusringh\u00e4\u00e4lingu veebikeskkonnas\u00a0<a href=\"http:\/\/www.eestilaul.ee\" target=\"_blank\" rel=\"noopener nofollow\">www.eestilaul.ee<\/a>.<\/p>\n<p>Eesti Laulu v\u00f5iduloo autorit premeerib Eesti Autorite \u00dching 10 000 euroga. Finaalis teisele kohale tulnud loo autorite preemia suurus on 3000 ja kolmanda koha oma 2000 eurot.<\/p>\n<p>Eesti Esitajate Liit paneb finaalis esikohale tulnud laulu esitaja(te)le v\u00e4lja stipendiumi kogusummas 1000 eurot, teisele kohale tulnud laulu esitaja stipendiumi suurus on 2000 ja kolmanda koha oma 3000 eurot.\u00a0<\/p>\n<p>Eesti Fonogrammitootjate \u00dching maksab finaalis esikohale tulnud laulu fonogrammitootjale tasu summas 3000 eurot.<\/p>\n","protected":false},"excerpt":{"rendered":"4. septembri keskp\u00e4eval avanes Eesti Laul 2027 konkurss, mis kulmineerub suure finaalkontserdiga 30. jaanuaril Unibet Arenal. &#8220;Eesti on&hellip;\n","protected":false},"author":2,"featured_media":268412,"comment_status":"","ping_status":"","sticky":false,"template":"","format":"standard","meta":{"footnotes":"","_share_on_mastodon":"0"},"categories":[84],"tags":[37,33,35,1478,103790,173,34,36,140,215,144],"class_list":["post-268411","post","type-post","status-publish","format-standard","has-post-thumbnail","category-muusika","tag-ee","tag-eesti","tag-eesti-keel","tag-eesti-laul","tag-eesti-laul-2027","tag-entertainment","tag-estonia","tag-estonian","tag-meelelahutus","tag-music","tag-muusika"],"share_on_mastodon":{"url":"https:\/\/pubeurope.com\/@ee\/117212652681550441","error":""},"_links":{"self":[{"href":"https:\/\/www.europesays.com\/ee\/wp-json\/wp\/v2\/posts\/268411","targetHints":{"allow":["GET"]}}],"collection":[{"href":"https:\/\/www.europesays.com\/ee\/wp-json\/wp\/v2\/posts"}],"about":[{"href":"https:\/\/www.europesays.com\/ee\/wp-json\/wp\/v2\/types\/post"}],"author":[{"embeddable":true,"href":"https:\/\/www.europesays.com\/ee\/wp-json\/wp\/v2\/users\/2"}],"replies":[{"embeddable":true,"href":"https:\/\/www.europesays.com\/ee\/wp-json\/wp\/v2\/comments?post=268411"}],"version-history":[{"count":0,"href":"https:\/\/www.europesays.com\/ee\/wp-json\/wp\/v2\/posts\/268411\/revisions"}],"wp:featuredmedia":[{"embeddable":true,"href":"https:\/\/www.europesays.com\/ee\/wp-json\/wp\/v2\/media\/268412"}],"wp:attachment":[{"href":"https:\/\/www.europesays.com\/ee\/wp-json\/wp\/v2\/media?parent=268411"}],"wp:term":[{"taxonomy":"category","embeddable":true,"href":"https:\/\/www.europesays.com\/ee\/wp-json\/wp\/v2\/categories?post=268411"},{"taxonomy":"post_tag","embeddable":true,"href":"https:\/\/www.europesays.com\/ee\/wp-json\/wp\/v2\/tags?post=268411"}],"curies":[{"name":"wp","href":"https:\/\/api.w.org\/{rel}","templated":true}]}}