{"id":268413,"date":"2026-09-04T11:59:10","date_gmt":"2026-09-04T11:59:10","guid":{"rendered":"https:\/\/www.europesays.com\/ee\/268413\/"},"modified":"2026-09-04T11:59:10","modified_gmt":"2026-09-04T11:59:10","slug":"fotod-mehed-votke-eeskuju-john-malkovich-toi-veneetsia-punasele-vaibale-teatraalse-elegantsi","status":"publish","type":"post","link":"https:\/\/www.europesays.com\/ee\/268413\/","title":{"rendered":"FOTOD | Mehed, v\u00f5tke eeskuju! John Malkovich t\u00f5i Veneetsia punasele vaibale teatraalse elegantsi"},"content":{"rendered":"<p>Dramaatiline plisseeritud krae meenutas Elizabethi ajastu teatrikost\u00fc\u00fcme ja andis muidu klassikalisele mustale \u00fclikonnale tugevalt oman\u00e4olise ilme.<\/p>\n<p><img decoding=\"async\" src=\"https:\/\/www.europesays.com\/ee\/wp-content\/uploads\/2026\/09\/ba5e08d8-7f53-4bea-8a50-f77612733720.jpg\" loading=\"lazy\"\/><\/p>\n<p class=\"isSelectedEnd\">Moev\u00e4ljaanded v\u00f5rdlesid selle teatrilikkust isegi Shakespeare\u2019ga ning t\u00f5id v\u00e4lja, et Malkovich kannab sedav\u00f5rd ekstravagantset detaili v\u00e4lja just t\u00e4nu oma enesekindlusele ja isikup\u00e4rale.<\/p>\n<p><img decoding=\"async\" src=\"https:\/\/www.europesays.com\/ee\/wp-content\/uploads\/2026\/09\/b2009ce5-9668-4766-aaa3-845bc750009a.jpg\" loading=\"lazy\"\/><\/p>\n<p class=\"isSelectedEnd\">Malkovich on varasemalt \u00f6elnud, et \u201estiil elus ainus p\u00fcsiv v\u00e4\u00e4rtus\u201c ja tema seekordne julge r\u00f5ivavalik vaid kinnitas tema s\u00f5nu.<\/p>\n<p class=\"isSelectedEnd\">Ka Itaalia v\u00e4ljaanne Sky TG24 hindas Malkovichi stiilset komplekti k\u00f5rgelt, andes sellele k\u00fcmnest 9,5 punkti ning nimetades v\u00e4limust ainulaadseks.<\/p>\n<p class=\"isSelectedEnd\">Veneetsia filmifestivalil viibis Malkovich Martin McDonaghi filmi \u201eWild Horse Nine\u201c esilinastuse puhul. Filmis astub ta \u00fcles koos Sam Rockwelli, Steve Buscemi ja teiste nimekate n\u00e4itlejatega. Eile toimunud esilinastusele j\u00e4rgnes filmile koguni 13-minutiline ovatsioon.<\/p>\n<p>Kuidas see lugu Sind end tundma pani?Saada<\/p>\n","protected":false},"excerpt":{"rendered":"Dramaatiline plisseeritud krae meenutas Elizabethi ajastu teatrikost\u00fc\u00fcme ja andis muidu klassikalisele mustale \u00fclikonnale tugevalt oman\u00e4olise ilme. Moev\u00e4ljaanded v\u00f5rdlesid&hellip;\n","protected":false},"author":2,"featured_media":268414,"comment_status":"","ping_status":"","sticky":false,"template":"","format":"standard","meta":{"footnotes":"","_share_on_mastodon":"0"},"categories":[16],"tags":[18481,37,33,35,173,34,36,103805,140,103831,16757,47551],"class_list":["post-268413","post","type-post","status-publish","format-standard","has-post-thumbnail","category-meelelahutus","tag-dior","tag-ee","tag-eesti","tag-eesti-keel","tag-entertainment","tag-estonia","tag-estonian","tag-john-malkovich","tag-meelelahutus","tag-meeste-mood","tag-punane-vaip","tag-veneetsia-filmifestival"],"share_on_mastodon":{"url":"https:\/\/pubeurope.com\/@ee\/117212660908127499","error":""},"_links":{"self":[{"href":"https:\/\/www.europesays.com\/ee\/wp-json\/wp\/v2\/posts\/268413","targetHints":{"allow":["GET"]}}],"collection":[{"href":"https:\/\/www.europesays.com\/ee\/wp-json\/wp\/v2\/posts"}],"about":[{"href":"https:\/\/www.europesays.com\/ee\/wp-json\/wp\/v2\/types\/post"}],"author":[{"embeddable":true,"href":"https:\/\/www.europesays.com\/ee\/wp-json\/wp\/v2\/users\/2"}],"replies":[{"embeddable":true,"href":"https:\/\/www.europesays.com\/ee\/wp-json\/wp\/v2\/comments?post=268413"}],"version-history":[{"count":0,"href":"https:\/\/www.europesays.com\/ee\/wp-json\/wp\/v2\/posts\/268413\/revisions"}],"wp:featuredmedia":[{"embeddable":true,"href":"https:\/\/www.europesays.com\/ee\/wp-json\/wp\/v2\/media\/268414"}],"wp:attachment":[{"href":"https:\/\/www.europesays.com\/ee\/wp-json\/wp\/v2\/media?parent=268413"}],"wp:term":[{"taxonomy":"category","embeddable":true,"href":"https:\/\/www.europesays.com\/ee\/wp-json\/wp\/v2\/categories?post=268413"},{"taxonomy":"post_tag","embeddable":true,"href":"https:\/\/www.europesays.com\/ee\/wp-json\/wp\/v2\/tags?post=268413"}],"curies":[{"name":"wp","href":"https:\/\/api.w.org\/{rel}","templated":true}]}}