{"id":268417,"date":"2026-09-04T12:03:13","date_gmt":"2026-09-04T12:03:13","guid":{"rendered":"https:\/\/www.europesays.com\/ee\/268417\/"},"modified":"2026-09-04T12:03:13","modified_gmt":"2026-09-04T12:03:13","slug":"kellest-saab-kaitseminister-vseviovile-pole-kohta-pakutud-laanet-vaikib","status":"publish","type":"post","link":"https:\/\/www.europesays.com\/ee\/268417\/","title":{"rendered":"Kellest saab kaitseminister? Vseviovile pole kohta pakutud, Laanet vaikib"},"content":{"rendered":"<p>Meedias on j\u00e4rgmiseks kaitseministriks pakutud nii v\u00e4lisministeeriumi kantsleri Jonatan Vseviovit, endist kaitseministrit Kalle Laanetit kui ka riigikogu liiget Marko Mihkelsoni. Spekuleeritud on ka endise kaitsev\u00e4e juhataja Martin Heremi nimega, kes kinnitas Delfile, et Michal on sel teemal tema poole ka p\u00f6\u00f6rdunud.<\/p>\n<p>V\u00e4lisministeeriumi kantsler Jonatan Vseviov lausus, et tema on vale inimene, kelle k\u00e4est k\u00fcsida, kas teda kaalutakse kaitseministrina. \u201eMa loen ka ajalehti, sealt saan igasuguseid uudiseid teada, aga k\u00e4sitlen neid kui spekulatsioone,\u201c r\u00e4\u00e4kis ta.<\/p>\n<p><a href=\"https:\/\/www.delfi.ee\/artikkel\/120608428\/kellest-saab-kaitseminister-laaneti-kategooriline-ei-muutus-salaparaseks-vaikuseks\/kommentaarid\" class=\"button button--primary button--size-auto article-body-bottom__comment article-body-bottom__comment--write\" style=\"\" rel=\"nofollow noopener\" target=\"_blank\">Kommenteeri<\/a><a href=\"https:\/\/www.delfi.ee\/artikkel\/120608428\/kellest-saab-kaitseminister-laaneti-kategooriline-ei-muutus-salaparaseks-vaikuseks\/kommentaarid\" class=\"button button--size-auto article-body-bottom__comment article-body-bottom__comment--read\" style=\"\" rel=\"nofollow noopener\" target=\"_blank\">Loe kommentaare (29)<\/a><\/p>\n","protected":false},"excerpt":{"rendered":"Meedias on j\u00e4rgmiseks kaitseministriks pakutud nii v\u00e4lisministeeriumi kantsleri Jonatan Vseviovit, endist kaitseministrit Kalle Laanetit kui ka riigikogu liiget&hellip;\n","protected":false},"author":2,"featured_media":268418,"comment_status":"","ping_status":"","sticky":false,"template":"","format":"standard","meta":{"footnotes":"","_share_on_mastodon":"0"},"categories":[12],"tags":[687,679,667,26,27,673,688,663,662,37,33,35,684,683,692,34,36,31,32,208,148,21,206,668,669,381,686,677,694,691,339,680,28,29,671,672,377,690,144,678,665,19,693,676,666,25,322,664,150,695,685,159,394,682,674,675,23,24,689,222,22,20,670,681,149,30],"class_list":["post-268417","post","type-post","status-publish","format-standard","has-post-thumbnail","category-eesti","tag-ajaviide","tag-autoleht","tag-blog","tag-breaking-news","tag-breakingnews","tag-cv","tag-date","tag-defli","tag-delfi","tag-ee","tag-eesti","tag-eesti-keel","tag-ekaart","tag-email","tag-erootika","tag-estonia","tag-estonian","tag-featured-news","tag-featurednews","tag-film","tag-foto","tag-headlines","tag-horoskoop","tag-ilm","tag-ilmaennustus","tag-internet","tag-kaart","tag-kava","tag-kindlustus","tag-kinnisvara","tag-kuulutused","tag-lasteleht","tag-latest-news","tag-latestnews","tag-loto","tag-majandus","tag-mangud","tag-mobiil","tag-muusika","tag-naisteleht","tag-naljad","tag-news","tag-otsing","tag-pank","tag-pilt","tag-populaarseimad-lood","tag-raadio","tag-reklaam","tag-seks","tag-sms","tag-solo","tag-sport","tag-tarkvara","tag-tasuta","tag-too","tag-toopakkumised","tag-top-stories","tag-topstories","tag-tutvus","tag-tv","tag-uldised-uudised","tag-uudised","tag-valimised","tag-valuuta","tag-video","tag-viimased-uudised"],"share_on_mastodon":{"url":"","error":"Validation failed: Text character limit of 500 exceeded"},"_links":{"self":[{"href":"https:\/\/www.europesays.com\/ee\/wp-json\/wp\/v2\/posts\/268417","targetHints":{"allow":["GET"]}}],"collection":[{"href":"https:\/\/www.europesays.com\/ee\/wp-json\/wp\/v2\/posts"}],"about":[{"href":"https:\/\/www.europesays.com\/ee\/wp-json\/wp\/v2\/types\/post"}],"author":[{"embeddable":true,"href":"https:\/\/www.europesays.com\/ee\/wp-json\/wp\/v2\/users\/2"}],"replies":[{"embeddable":true,"href":"https:\/\/www.europesays.com\/ee\/wp-json\/wp\/v2\/comments?post=268417"}],"version-history":[{"count":0,"href":"https:\/\/www.europesays.com\/ee\/wp-json\/wp\/v2\/posts\/268417\/revisions"}],"wp:featuredmedia":[{"embeddable":true,"href":"https:\/\/www.europesays.com\/ee\/wp-json\/wp\/v2\/media\/268418"}],"wp:attachment":[{"href":"https:\/\/www.europesays.com\/ee\/wp-json\/wp\/v2\/media?parent=268417"}],"wp:term":[{"taxonomy":"category","embeddable":true,"href":"https:\/\/www.europesays.com\/ee\/wp-json\/wp\/v2\/categories?post=268417"},{"taxonomy":"post_tag","embeddable":true,"href":"https:\/\/www.europesays.com\/ee\/wp-json\/wp\/v2\/tags?post=268417"}],"curies":[{"name":"wp","href":"https:\/\/api.w.org\/{rel}","templated":true}]}}