{"id":268427,"date":"2026-09-04T12:15:13","date_gmt":"2026-09-04T12:15:13","guid":{"rendered":"https:\/\/www.europesays.com\/ee\/268427\/"},"modified":"2026-09-04T12:15:13","modified_gmt":"2026-09-04T12:15:13","slug":"koondamiskirves-kadriorus-kantselei-direktor-koondas-kahe-aastaga-13-inimest-eesti","status":"publish","type":"post","link":"https:\/\/www.europesays.com\/ee\/268427\/","title":{"rendered":"Koondamiskirves Kadriorus: kantselei direktor koondas kahe aastaga 13 inimest | Eesti"},"content":{"rendered":"<p>Presidendi kantselei direktor Krista Zibo on viimase kahe aastaga koondanud kantseleist 13 inimest. Kahel protokolli valdkonna t\u00f6\u00f6tajal on viimane t\u00f6\u00f6p\u00e4ev sel reedel ehk vaid napp kuu enne uue presidendi ametisse astumist. Direktor ise sai aga hiljuti endale t\u00e4htajatu t\u00f6\u00f6lepingu.<\/p>\n<p>Pea kaks aastat tagasi sai president Alar Karise ettepanekul presidendi kantselei uueks direktoriks Krista Zibo, endine riigikantselei t\u00f6\u00f6taja.<\/p>\n<p>&#8220;Tema senine ametialane tee on andnud talle tasakaalukuse ja tugeva kogemuse erinevate meeskondade juhtimisel ning selge pilgu Eestile oluliste teemade m\u00f5istmisel, millele sain kinnituse, kui t\u00f6\u00f6tasime koos riigikontrollis,&#8221; s\u00f5nas <a href=\"https:\/\/www.err.ee\/1609431763\/presidendi-kantselei-uueks-direktoriks-saab-krista-zibo\" target=\"_blank\" rel=\"noopener nofollow\">Karis<\/a> toona.<\/p>\n<p>Nende s\u00f5nade saatel on Zibo viimase kahe aasta jooksul koondanud presidendi kantseleist 13 inimest. Kahel t\u00f6\u00f6tajal, kantselei protokolli valdkonna n\u00f5unikel Pille Heinsool ja Sigrid Herodesel, on viimane t\u00f6\u00f6p\u00e4ev sel reedel. See on vaid ligi kuu enne uue presidendi, \u00dclle Madise ametisse astumist.<\/p>\n<p>Koondamist p\u00f5hjendati \u00fcldiselt struktuurimuudatusega<\/p>\n<p>&#8220;Struktuurimuudatus \u00f6eldi meile,&#8221; s\u00f5nas Herodes nukralt ERR-ile ja lisas, et sooviks ise ka teada, mis koondamise p\u00f5hjus t\u00e4psemalt on. Ta r\u00e4\u00e4kis, et kantseleis jagati t\u00f6\u00f6\u00fclesanded \u00fcmber ehk Herodese ja Heinsoo t\u00f6\u00f6 tegemata ei j\u00e4\u00e4.<\/p>\n<p>Herodes nentis, et talle j\u00e4i segaseks, mis tema ametikohast edasi saab. &#8220;Minu meelest kaob praegu \u00e4ra,&#8221; s\u00f5nas ta. K\u00fcsimusele, kas 13 koondatud inimest kahe aasta jooksul on palju, vastas Herodes jaatavalt.<\/p>\n<p><img decoding=\"async\" data-photo-id=\"3793903\" src=\"https:\/\/www.europesays.com\/ee\/wp-content\/uploads\/2026\/09\/3793903h1ee1t24.jpg\"\/>Presidendi kantselei hoone Autor\/allikas: Priit M\u00fcrk\/ERR<\/p>\n<p>ERR soovis saada Zibolt vastuseid k\u00fcsimustele, kuid kantseleist teatati, et neid saab vaid l\u00e4bi kommunikatsiooniosakonna ehk ajakirjanik ei saanud esitada vastustest tulenevaid t\u00e4psustavaid k\u00fcsimusi. Nii vahendaski vastuseid osakonna juhataja Mariann Sudakov. E-kirjas seisis, et kantselei muudab t\u00f6\u00f6korraldust vastavalt presidendi t\u00f6\u00f6 vajadustele.<\/p>\n<p>&#8220;Viimastel aastatel on muutusi tehtud nii tugifunktsioonides kui ka riigipea n\u00f5unike ringis \u2013 \u00fclesandeid on \u00fcmber jaotatud, t\u00f6\u00f6rolle muudetud ja vastutust koondatud,&#8221; nentis Zibo kirjalikus kommentaaris. Ta lisas, et tehtud personalimuudatused on selle protsessi osa ja tulenevad t\u00f6\u00f6\u00fclesannete muutumisest ja vajadusest kasutada kantselei piiratud ressursse t\u00f5husamalt.<\/p>\n<p>Koondamismustrid on ka varasemast<\/p>\n<p>\u00dcks tuntumaid, kelle Zibo presidendi kantseleist koondada lasi, oli toonane presidendi sisen\u00f5unik <a href=\"https:\/\/www.err.ee\/1609618544\/presidendi-kantseleist-lahkuvad-sisenounik-ja-valisnounik\" target=\"_blank\" rel=\"noopener nofollow\">Toomas Sildam<\/a>. See toimus 2025. aasta veebruaris, vaid ligikaudu viis kuud p\u00e4rast Zibo direktoriks saamist. &#8220;Sisen\u00f5uniku t\u00f6\u00f6\u00fclesanded v\u00f5tab \u00fcle siseosakond,&#8221; teatas kantselei toona.<\/p>\n<p>Koondamisteemad saatsid Zibot ka juba riigikantseleis, kus ta t\u00f6\u00f6tas enne presidendi kantselei direktori kohale asumist. Aastal 2019 kirjutas <a href=\"https:\/\/www.err.ee\/936043\/riigikantselei-koondas-ootamatult-protokolliulema\" target=\"_blank\" rel=\"noopener nofollow\">ERR<\/a>, et riigikantselei koondas \u00fcle k\u00fcmne aasta selles ametis t\u00f6\u00f6tanud protokolli\u00fclema \u00dclle-Marika P\u00f5ldma. Toona kommenteeris riigikantseleis tugitegevuste juhina t\u00f6\u00f6tanud Zibo samuti, et P\u00f5ldma koondati t\u00f6\u00f6 \u00fcmberkorraldamise t\u00f5ttu.<\/p>\n<p>V\u00e4idetavalt oli koondamise p\u00f5hjuseks aga koost\u00f6\u00f6 mittelaabumine, kuid riigikantselei seda ametlikult ei kinnitanud. Sarnaselt praegusele olukorrale presidendi kantseleis, ei palganud riigikantselei toona uut inimest sealseks protokolli\u00fclemaks.<\/p>\n<p>Direktor sai ise t\u00e4htajatu lepingu ja 10 500 eurot preemiat<\/p>\n<p><img decoding=\"async\" data-photo-id=\"3793768\" src=\"https:\/\/www.europesays.com\/ee\/wp-content\/uploads\/2026\/09\/3793768h16d2t24.jpg\"\/>Krista Zibo sai heade t\u00f6\u00f6tulemuste eest 10 500 eurot preemiat. Autor\/allikas: (Riigikantselei)<\/p>\n<p>Koosseis pole aga ainus asi, mis enne uue presidendi ametiaega kantseleis muutub. Pea kaks aastat oli Zibo direktori kohal t\u00e4htajalise lepinguga (t\u00e4htajaline \u00fcleviimine riigikantseleist). Alates t\u00e4navu 1. juulist on Zibo koosseisus t\u00e4htajatult.<\/p>\n<p>Sudakovi edastatud kirjas selgitati, et kantselei direktori \u00fclesanne on tagada asutuse t\u00f6\u00f6 j\u00e4rjepidevus, ka presidendi vahetumisel. Kui aga uus president soovib n\u00e4ha kantselei direktorina kedagi uut, saab Zibo asemel kellegi uue t\u00f6\u00f6le v\u00f5tta.<\/p>\n<p>K\u00fcsimusele, miks lepingut alles n\u00fc\u00fcd ehk m\u00f5ned kuud enne Karise ametiaja l\u00f5ppu muudeti, vastas kantselei, et Zibo peab tagama kantselei juhtimise ja igap\u00e4evase t\u00f6\u00f6 stabiilsuse Karise ametiaja l\u00f5puni ning presidendivahetuse ajal. Kas seda poleks saanud teha ka t\u00e4htajalise \u00fcleviimise lepinguga, vastusest ei selgunud.<\/p>\n<p>&#8220;President Alar Karis ja tema meeskond t\u00e4idavad oma \u00fclesandeid t\u00e4iel m\u00e4\u00e4ral ametiaja l\u00f5puni,&#8221; seisis kirjas. Lisatud oli, et ametisse astuval presidendil on omakorda v\u00f5imalus kujundada oma n\u00f5unike meeskond.<\/p>\n<p>President Karis paistab aga direktori t\u00f6\u00f6ga selgelt rahul olevat. T\u00e4navu 29. jaanuaril m\u00e4\u00e4ras Alar Karis k\u00e4skkirjaga Krista Zibo uueks p\u00f5hipalgaks 6010 eurot kuus alates 1. jaanuarist 2026. Varem oli ta palk 5500\u00a0eurot. Ametisse saades 2. septembril 2024 aga 5000 eurot. \u00a0<\/p>\n<p>24. novembril 2025 otsustas Alar Karis maksta Zibole preemiat heade teenistusalaste saavutuste eest koguni 10 500 euro euro ulatuses.<\/p>\n","protected":false},"excerpt":{"rendered":"Presidendi kantselei direktor Krista Zibo on viimase kahe aastaga koondanud kantseleist 13 inimest. Kahel protokolli valdkonna t\u00f6\u00f6tajal on&hellip;\n","protected":false},"author":2,"featured_media":268428,"comment_status":"","ping_status":"","sticky":false,"template":"","format":"standard","meta":{"footnotes":"","_share_on_mastodon":"0"},"categories":[5],"tags":[1687,26,27,13795,37,33,35,34,36,31,32,21,29393,103832,28,29,19,25,1686,23,24,22,20,30],"class_list":["post-268427","post","type-post","status-publish","format-standard","has-post-thumbnail","category-uldised-uudised","tag-alar-karis","tag-breaking-news","tag-breakingnews","tag-direktor","tag-ee","tag-eesti","tag-eesti-keel","tag-estonia","tag-estonian","tag-featured-news","tag-featurednews","tag-headlines","tag-kantselei","tag-krista-zibo","tag-latest-news","tag-latestnews","tag-news","tag-populaarseimad-lood","tag-president","tag-top-stories","tag-topstories","tag-uldised-uudised","tag-uudised","tag-viimased-uudised"],"share_on_mastodon":{"url":"https:\/\/pubeurope.com\/@ee\/117212724124015406","error":""},"_links":{"self":[{"href":"https:\/\/www.europesays.com\/ee\/wp-json\/wp\/v2\/posts\/268427","targetHints":{"allow":["GET"]}}],"collection":[{"href":"https:\/\/www.europesays.com\/ee\/wp-json\/wp\/v2\/posts"}],"about":[{"href":"https:\/\/www.europesays.com\/ee\/wp-json\/wp\/v2\/types\/post"}],"author":[{"embeddable":true,"href":"https:\/\/www.europesays.com\/ee\/wp-json\/wp\/v2\/users\/2"}],"replies":[{"embeddable":true,"href":"https:\/\/www.europesays.com\/ee\/wp-json\/wp\/v2\/comments?post=268427"}],"version-history":[{"count":0,"href":"https:\/\/www.europesays.com\/ee\/wp-json\/wp\/v2\/posts\/268427\/revisions"}],"wp:featuredmedia":[{"embeddable":true,"href":"https:\/\/www.europesays.com\/ee\/wp-json\/wp\/v2\/media\/268428"}],"wp:attachment":[{"href":"https:\/\/www.europesays.com\/ee\/wp-json\/wp\/v2\/media?parent=268427"}],"wp:term":[{"taxonomy":"category","embeddable":true,"href":"https:\/\/www.europesays.com\/ee\/wp-json\/wp\/v2\/categories?post=268427"},{"taxonomy":"post_tag","embeddable":true,"href":"https:\/\/www.europesays.com\/ee\/wp-json\/wp\/v2\/tags?post=268427"}],"curies":[{"name":"wp","href":"https:\/\/api.w.org\/{rel}","templated":true}]}}