{"id":268447,"date":"2026-09-04T12:44:11","date_gmt":"2026-09-04T12:44:11","guid":{"rendered":"https:\/\/www.europesays.com\/ee\/268447\/"},"modified":"2026-09-04T12:44:11","modified_gmt":"2026-09-04T12:44:11","slug":"ohuke-jaa-nomme-united-oli-juba-cisakowskit-vallandamas-kuid-poolakas-jai-praeguseks-pukki-soccernet-ee","status":"publish","type":"post","link":"https:\/\/www.europesays.com\/ee\/268447\/","title":{"rendered":"\u00d5huke j\u00e4\u00e4. N\u00f5mme United oli juba Cisakowskit vallandamas, kuid poolakas j\u00e4i praeguseks pukki &#8211; Soccernet.ee"},"content":{"rendered":"<p><img decoding=\"async\" src=\"https:\/\/www.europesays.com\/ee\/wp-content\/uploads\/2026\/09\/1784320997.jpg\" alt=\"Slawomir Cisakowski k\u00f5nnib Unitedis \u00f5hukesel j\u00e4\u00e4l. Foto: Anna Andreas\"\/>&#13;\n<\/p>\n<p>Premium liigas viis j\u00e4rjestikust kaotust saanud N\u00f5mme United oli juba p\u00e4rast eelmisel n\u00e4dalavahetusel Harjult kodus saadud 1:2 kaotust peatreenerit vahetamas, kuid omap\u00e4rane s\u00fcndmuste k\u00e4ik on Slawomir Cisakowski siiski v\u00e4hemalt praeguseks ametisse j\u00e4tnud.<\/p>\n<p>Nimelt suutis poolakas klubi juhtkonnaga peetud vestlusel nad \u00fcmber veenda ja paluda endale v\u00e4hemalt \u00fche m\u00e4ngu jagu v\u00f5imalust olukord \u00fcmber p\u00f6\u00f6rata, kinnitavad mitmed allikad Soccernet.ee-le. Kuna kolmap\u00e4eval suutiski United Vaprusest jagu saada ning edasi veerandfinaali marssida, ongi hetkel Cisakowski endiselt meeskonda t\u00fc\u00fcrimas ning on juhendajaks ka homsel liigam\u00e4ngul, mis peetakse samuti Vapruse vastu, aga v\u00f5\u00f5rsil. Tasub m\u00e4rkida, et kolmap\u00e4evasel karikam\u00e4ngul m\u00e4ngis United oma tugevaima koosseisuga, Vapruse peatreener Igor Prins tegi aga v\u00f5rreldes eelmise liigam\u00e4nguga algkoosseisus seitse vahetust.&#13;\n<\/p>\n<p>&#8220;Kui liigas viis m\u00e4ngu j\u00e4rjest kaotada, siis v\u00f5ib tihti jalgealune tuliseks minna,&#8221; ei l\u00fckanud Unitedi tegevjuht Martin Klasen kuuldusi \u00fcmber. &#8220;See ei ole saladus, et meil oli temaga t\u00f5siseid vestlusi, aga ta ise uskus v\u00e4ga, et suudab sellest august v\u00e4lja tulla. Kolmap\u00e4ev t\u00f5i meile \u00f5nneks karikasarjas klubi ajaloos teist korda p\u00e4\u00e4su veerandfinaali. Homne liigam\u00e4ng on n\u00fc\u00fcd kindlasti v\u00e4ga oluline.&#8221;&#13;\n<\/p>\n<p>Eelmise hooaja eel Unitedis t\u00f6\u00f6le asunud 40-aastane poolakas vedas Unitedi mullu Esiliigas rekordilise punktisummaga kindlale esikohale ning tema juhtimisel on meeskond hetkel Premium liigas kaheksandal kohal, edestades viimasel real asuvat Narva Transi kaheksa punktiga ning edestades \u00fcheksandal kohal olevat FC Kuressaaret vaid t\u00e4nu paremusele omavahelistes m\u00e4ngudes.<\/p>\n<p>Unitedi t\u00e4navuse hooaja m\u00e4ngu on iseloomustanud resultatiivsuse nii \u00fchel kui teisel pool v\u00e4ljakut &#8211; 25 liigam\u00e4nguga on l\u00f6\u00f6dud 42 v\u00e4ravat, millest rohkem on suutnud vaid Levadia, Flora ja Kalju, samal ajal kui enda v\u00f5tku on lastud kogu liiga k\u00f5ige suurem hulk tabamusi &#8211; 60. Endiselt pole United sel hooajal veel suutnud teha mitte \u00fchtegi nullim\u00e4ngu.&#13;\n<\/p>\n<p>Hiljuti vabanes L\u00e4tis ametist Unitedi endine peatreener Vladimir Vassiljev, kes t\u00fc\u00fcris Unitedi 2023. aastal Esiliigast Premium liigasse, kuid siirdus seej\u00e4rel v\u00e4lismaale. V\u00f5ib arvata, et Cisakowski lahkumise korral oleks just Vassiljev klubi jaoks eelistatud j\u00e4rgmine valik.<\/p>\n","protected":false},"excerpt":{"rendered":"&#13; Premium liigas viis j\u00e4rjestikust kaotust saanud N\u00f5mme United oli juba p\u00e4rast eelmisel n\u00e4dalavahetusel Harjult kodus saadud 1:2&hellip;\n","protected":false},"author":2,"featured_media":268448,"comment_status":"","ping_status":"","sticky":false,"template":"","format":"standard","meta":{"footnotes":"","_share_on_mastodon":"0"},"categories":[18],"tags":[10338,37,33,35,34,36,3971,54132,103841,1813,10340,159,158],"class_list":["post-268447","post","type-post","status-publish","format-standard","has-post-thumbnail","category-sport","tag-cisakowski","tag-ee","tag-eesti","tag-eesti-keel","tag-estonia","tag-estonian","tag-fc-nomme-united","tag-klasen","tag-martin-klasen","tag-nomme-united","tag-slawomir-cisakowski","tag-sport","tag-sports"],"share_on_mastodon":{"url":"https:\/\/pubeurope.com\/@ee\/117212838099499804","error":""},"_links":{"self":[{"href":"https:\/\/www.europesays.com\/ee\/wp-json\/wp\/v2\/posts\/268447","targetHints":{"allow":["GET"]}}],"collection":[{"href":"https:\/\/www.europesays.com\/ee\/wp-json\/wp\/v2\/posts"}],"about":[{"href":"https:\/\/www.europesays.com\/ee\/wp-json\/wp\/v2\/types\/post"}],"author":[{"embeddable":true,"href":"https:\/\/www.europesays.com\/ee\/wp-json\/wp\/v2\/users\/2"}],"replies":[{"embeddable":true,"href":"https:\/\/www.europesays.com\/ee\/wp-json\/wp\/v2\/comments?post=268447"}],"version-history":[{"count":0,"href":"https:\/\/www.europesays.com\/ee\/wp-json\/wp\/v2\/posts\/268447\/revisions"}],"wp:featuredmedia":[{"embeddable":true,"href":"https:\/\/www.europesays.com\/ee\/wp-json\/wp\/v2\/media\/268448"}],"wp:attachment":[{"href":"https:\/\/www.europesays.com\/ee\/wp-json\/wp\/v2\/media?parent=268447"}],"wp:term":[{"taxonomy":"category","embeddable":true,"href":"https:\/\/www.europesays.com\/ee\/wp-json\/wp\/v2\/categories?post=268447"},{"taxonomy":"post_tag","embeddable":true,"href":"https:\/\/www.europesays.com\/ee\/wp-json\/wp\/v2\/tags?post=268447"}],"curies":[{"name":"wp","href":"https:\/\/api.w.org\/{rel}","templated":true}]}}