{"id":268449,"date":"2026-09-04T12:46:12","date_gmt":"2026-09-04T12:46:12","guid":{"rendered":"https:\/\/www.europesays.com\/ee\/268449\/"},"modified":"2026-09-04T12:46:12","modified_gmt":"2026-09-04T12:46:12","slug":"el-i-laienemisvolinik-kos-jattis-sojakurjategija-mladici-austamise-parast-ara-visiidi-serbiasse","status":"publish","type":"post","link":"https:\/\/www.europesays.com\/ee\/268449\/","title":{"rendered":"EL-i laienemisvolinik Kos j\u00e4ttis s\u00f5jakurjategija Mladi\u0107i austamise p\u00e4rast \u00e4ra visiidi Serbiasse"},"content":{"rendered":"<p>\u201eRatko Mladi\u0107 m\u00f5isteti s\u00fc\u00fcdi genotsiidis, inimsusevastastes kuritegudes ja s\u00f5jakuritegudes. Tema s\u00e4ilmete naasmine <a rel=\"noopener nofollow\" target=\"_blank\" href=\"https:\/\/www.delfi.ee\/teema\/25934145\/belgrad\" tag-id=\"25934145\">Belgradi<\/a> meenutab Euroopale meie hiljutise ajaloo s\u00fcngeimaid lehek\u00fclgi,\u201c kirjutas Kos sotsiaalmeedias, vahendab AFP.<\/p>\n<p>\u201eTema surma \u00fcmbritsev \u00fclistamine ei sobi kokku v\u00e4\u00e4rtustega, millele on ehitatud EL-i tee,\u201c lisas Kos.<\/p>\n<p>Bosnia serblane Mladi\u0107 suri eelmisel n\u00e4dalal. Ta kandis eluaegset vanglakaristust genotsiidi, s\u00f5jakuritegude ja inimsusevastaste kuritegude eest aastatel 1992-1995 toimunud Bosnia s\u00f5jas.<\/p>\n<p>Mladi\u0107i Serbia lipuga kaetud kirstu tervitasid Belgradis s\u00f5durid koos tema poja ja riigi justiitsministriga.<\/p>\n<p>Serbia president <a rel=\"noopener nofollow\" target=\"_blank\" href=\"https:\/\/www.delfi.ee\/teema\/96848528\/aleksandar-vucic\" tag-id=\"96848528\">Aleksandar Vu\u010di\u0107<\/a> \u00fctles, et riik annab mistahes logistilist ja transporditoetust ning avaldas lootust, et matustele koguneb k\u00fcmneid tuhandeid inimesi.<\/p>\n<p>Kos oli juba varem hukka m\u00f5istnud Euroopa Liidu kandidaatriigi Serbia plaani korraldada Mladi\u0107ile riiklikud matused.<\/p>\n<p>Euroopa inim\u00f5igusteorganisatsioon <a rel=\"noopener nofollow\" target=\"_blank\" href=\"https:\/\/www.delfi.ee\/teema\/56497590\/euroopa-noukogu\" tag-id=\"56497590\">Euroopa N\u00f5ukogu<\/a> teatas, et s\u00f5jakurjategija Mladi\u0107i \u00fclistamine on ebaseaduslik ja ohvrite solvamine.<\/p>\n<p>Kuidas see lugu Sind end tundma pani?Saada<a href=\"https:\/\/www.delfi.ee\/artikkel\/120608450\/el-i-laienemisvolinik-kos-jattis-sojakurjategija-mladici-austamise-parast-ara-visiidi-serbiasse\/kommentaarid\" class=\"button button--primary button--size-auto article-body-bottom__comment article-body-bottom__comment--write\" style=\"\" rel=\"nofollow noopener\" target=\"_blank\">Kommenteeri<\/a><a href=\"https:\/\/www.delfi.ee\/artikkel\/120608450\/el-i-laienemisvolinik-kos-jattis-sojakurjategija-mladici-austamise-parast-ara-visiidi-serbiasse\/kommentaarid\" class=\"button button--size-auto article-body-bottom__comment article-body-bottom__comment--read\" style=\"\" rel=\"nofollow noopener\" target=\"_blank\">Loe kommentaare <\/a><\/p>\n","protected":false},"excerpt":{"rendered":"\u201eRatko Mladi\u0107 m\u00f5isteti s\u00fc\u00fcdi genotsiidis, inimsusevastastes kuritegudes ja s\u00f5jakuritegudes. Tema s\u00e4ilmete naasmine Belgradi meenutab Euroopale meie hiljutise ajaloo&hellip;\n","protected":false},"author":2,"featured_media":268450,"comment_status":"","ping_status":"","sticky":false,"template":"","format":"standard","meta":{"footnotes":"","_share_on_mastodon":"0"},"categories":[80],"tags":[13865,13864,11143,26,27,37,33,35,34,36,590,16270,31,32,21,28,29,95,19,25,101778,3822,23,24,22,20,30,92,93,94],"class_list":["post-268449","post","type-post","status-publish","format-standard","has-post-thumbnail","category-maailm","tag-aleksandar-vucic","tag-belgrad","tag-bosnia-ja-hertsegoviina","tag-breaking-news","tag-breakingnews","tag-ee","tag-eesti","tag-eesti-keel","tag-estonia","tag-estonian","tag-euroopa-liit","tag-euroopa-noukogu","tag-featured-news","tag-featurednews","tag-headlines","tag-latest-news","tag-latestnews","tag-maailm","tag-news","tag-populaarseimad-lood","tag-ratko-mladic","tag-serbia","tag-top-stories","tag-topstories","tag-uldised-uudised","tag-uudised","tag-viimased-uudised","tag-world","tag-world-news","tag-worldnews"],"share_on_mastodon":{"url":"https:\/\/pubeurope.com\/@ee\/117212845605818088","error":""},"_links":{"self":[{"href":"https:\/\/www.europesays.com\/ee\/wp-json\/wp\/v2\/posts\/268449","targetHints":{"allow":["GET"]}}],"collection":[{"href":"https:\/\/www.europesays.com\/ee\/wp-json\/wp\/v2\/posts"}],"about":[{"href":"https:\/\/www.europesays.com\/ee\/wp-json\/wp\/v2\/types\/post"}],"author":[{"embeddable":true,"href":"https:\/\/www.europesays.com\/ee\/wp-json\/wp\/v2\/users\/2"}],"replies":[{"embeddable":true,"href":"https:\/\/www.europesays.com\/ee\/wp-json\/wp\/v2\/comments?post=268449"}],"version-history":[{"count":0,"href":"https:\/\/www.europesays.com\/ee\/wp-json\/wp\/v2\/posts\/268449\/revisions"}],"wp:featuredmedia":[{"embeddable":true,"href":"https:\/\/www.europesays.com\/ee\/wp-json\/wp\/v2\/media\/268450"}],"wp:attachment":[{"href":"https:\/\/www.europesays.com\/ee\/wp-json\/wp\/v2\/media?parent=268449"}],"wp:term":[{"taxonomy":"category","embeddable":true,"href":"https:\/\/www.europesays.com\/ee\/wp-json\/wp\/v2\/categories?post=268449"},{"taxonomy":"post_tag","embeddable":true,"href":"https:\/\/www.europesays.com\/ee\/wp-json\/wp\/v2\/tags?post=268449"}],"curies":[{"name":"wp","href":"https:\/\/api.w.org\/{rel}","templated":true}]}}