{"id":268453,"date":"2026-09-04T12:48:15","date_gmt":"2026-09-04T12:48:15","guid":{"rendered":"https:\/\/www.europesays.com\/ee\/268453\/"},"modified":"2026-09-04T12:48:15","modified_gmt":"2026-09-04T12:48:15","slug":"presidendi-kantselei-direktor-koondas-kahe-aastaga-13-tootajat-2","status":"publish","type":"post","link":"https:\/\/www.europesays.com\/ee\/268453\/","title":{"rendered":"Presidendi kantselei direktor koondas kahe aastaga 13 t\u00f6\u00f6tajat"},"content":{"rendered":"<p>\u00dcks koondatutest, Sigrid Herodes, \u00fctles ERR-ile, et otsust p\u00f5hjendati \u00fcldiselt struktuurimuudatusega, kuid t\u00e4psemad p\u00f5hjused j\u00e4id talle ebaselgeks. Tema ja teise koondatud n\u00f5uniku t\u00f6\u00f6\u00fclesanded jagatakse kantseleis \u00fcmber.<\/p>\n<p>Zibo s\u00f5nul kohandatakse kantselei t\u00f6\u00f6korraldust presidendi vajaduste j\u00e4rgi ning t\u00f6\u00f6rolle, \u00fclesandeid ja vastutust on viimastel aastatel \u00fcmber jagatud. Ta p\u00f5hjendas personalimuudatusi ka vajadusega kantselei piiratud ressursse t\u00f5husamalt kasutada. Koondatute hulgas oli ka president Alar Karise endine sisen\u00f5unik Toomas Sildam, kelle ametikoht kaotati 2025. aasta veebruaris.<\/p>\n<p><img decoding=\"async\" src=\"https:\/\/www.europesays.com\/ee\/wp-content\/uploads\/2026\/09\/1788526095_669_3b7178a4-b3ad-48e3-928b-a879644cce1a.jpg\" loading=\"lazy\" alt=\"Krista Zibo\"\/><\/p>\n<p>Samal ajal muudeti Zibo enda t\u00f6\u00f6suhe t\u00e4navu 1. juulist t\u00e4htajatuks, ehkki ta oli varem ametis t\u00e4htajalise \u00fcleviimise alusel. Kantselei selgituse j\u00e4rgi peab direktor tagama asutuse t\u00f6\u00f6 j\u00e4rjepidevuse ja stabiilsuse ka presidendivahetuse ajal.<\/p>\n<p>President Karis paistab Zibo t\u00f6\u00f6ga rahul olevat. Zibo kuupalk t\u00f5usis t\u00e4navu 6010 euroni ning 2025. aasta novembris m\u00e4\u00e4ras Karis talle heade t\u00f6\u00f6tulemuste eest 10 500 euro suuruse preemia.<\/p>\n<p>Kuidas see lugu Sind end tundma pani?Saada<a href=\"https:\/\/arileht.delfi.ee\/a\/120608445\/presidendi-kantselei-direktor-koondas-kahe-aastaga-13-tootajat\/kommentaarid\" class=\"button button--primary button--size-auto article-body-bottom__comment article-body-bottom__comment--write\" style=\"\" rel=\"nofollow noopener\" target=\"_blank\">Kommenteeri<\/a><a href=\"https:\/\/arileht.delfi.ee\/a\/120608445\/presidendi-kantselei-direktor-koondas-kahe-aastaga-13-tootajat\/kommentaarid\" class=\"button button--size-auto article-body-bottom__comment article-body-bottom__comment--read\" style=\"\" rel=\"nofollow noopener\" target=\"_blank\">Loe kommentaare (18)<\/a><\/p>\n","protected":false},"excerpt":{"rendered":"\u00dcks koondatutest, Sigrid Herodes, \u00fctles ERR-ile, et otsust p\u00f5hjendati \u00fcldiselt struktuurimuudatusega, kuid t\u00e4psemad p\u00f5hjused j\u00e4id talle ebaselgeks. Tema&hellip;\n","protected":false},"author":2,"featured_media":268454,"comment_status":"","ping_status":"","sticky":false,"template":"","format":"standard","meta":{"footnotes":"","_share_on_mastodon":"0"},"categories":[5],"tags":[26,27,37,33,35,34,36,31,32,21,2182,103832,28,29,19,25,26451,23,24,22,20,30],"class_list":["post-268453","post","type-post","status-publish","format-standard","has-post-thumbnail","category-uldised-uudised","tag-breaking-news","tag-breakingnews","tag-ee","tag-eesti","tag-eesti-keel","tag-estonia","tag-estonian","tag-featured-news","tag-featurednews","tag-headlines","tag-koondamine","tag-krista-zibo","tag-latest-news","tag-latestnews","tag-news","tag-populaarseimad-lood","tag-presidendi-kantselei","tag-top-stories","tag-topstories","tag-uldised-uudised","tag-uudised","tag-viimased-uudised"],"share_on_mastodon":{"url":"https:\/\/pubeurope.com\/@ee\/117212853783804964","error":""},"_links":{"self":[{"href":"https:\/\/www.europesays.com\/ee\/wp-json\/wp\/v2\/posts\/268453","targetHints":{"allow":["GET"]}}],"collection":[{"href":"https:\/\/www.europesays.com\/ee\/wp-json\/wp\/v2\/posts"}],"about":[{"href":"https:\/\/www.europesays.com\/ee\/wp-json\/wp\/v2\/types\/post"}],"author":[{"embeddable":true,"href":"https:\/\/www.europesays.com\/ee\/wp-json\/wp\/v2\/users\/2"}],"replies":[{"embeddable":true,"href":"https:\/\/www.europesays.com\/ee\/wp-json\/wp\/v2\/comments?post=268453"}],"version-history":[{"count":0,"href":"https:\/\/www.europesays.com\/ee\/wp-json\/wp\/v2\/posts\/268453\/revisions"}],"wp:featuredmedia":[{"embeddable":true,"href":"https:\/\/www.europesays.com\/ee\/wp-json\/wp\/v2\/media\/268454"}],"wp:attachment":[{"href":"https:\/\/www.europesays.com\/ee\/wp-json\/wp\/v2\/media?parent=268453"}],"wp:term":[{"taxonomy":"category","embeddable":true,"href":"https:\/\/www.europesays.com\/ee\/wp-json\/wp\/v2\/categories?post=268453"},{"taxonomy":"post_tag","embeddable":true,"href":"https:\/\/www.europesays.com\/ee\/wp-json\/wp\/v2\/tags?post=268453"}],"curies":[{"name":"wp","href":"https:\/\/api.w.org\/{rel}","templated":true}]}}