{"id":268471,"date":"2026-09-04T13:11:15","date_gmt":"2026-09-04T13:11:15","guid":{"rendered":"https:\/\/www.europesays.com\/ee\/268471\/"},"modified":"2026-09-04T13:11:15","modified_gmt":"2026-09-04T13:11:15","slug":"foto-naitleja-george-clooney-ilmus-ule-pika-aja-seltskonda-kauni-abikaasa-seltsis-2","status":"publish","type":"post","link":"https:\/\/www.europesays.com\/ee\/268471\/","title":{"rendered":"FOTO | N\u00e4itleja George Clooney ilmus \u00fcle pika aja seltskonda kauni abikaasa seltsis"},"content":{"rendered":"<p>George Clooney (65) t\u00f5mbas uhke \u00fcrituse tarvis selga Giorgio Armani \u00fclikonna, samal ajal kui tema abikaasa Amal (48) kandis Tom Fordi elegantset \u00f5htukleiti. \u00dclesl\u00f6\u00f6miseks oli ka p\u00f5hjust, sest n\u00e4itleja p\u00e4lvis \u00fcritusel elut\u00f6\u00f6preemia.  <\/p>\n<p>Tegu on v\u00f5rdlemisi erilise juhuga, mil Clooney koos advokaadist abikaasaga seltskonnas viibib. Paar ilmub \u00fchiselt \u00fcritustele vaid k\u00f5ige olulisemate s\u00fcndmuste puhul ning Veneetsia filmifestival seda kahtlemata on. Seda enam, et Clooney elut\u00f6\u00f6preemia juures on suur roll ka abikaasal, kes on pikkade v\u00f5tteperioodide ajal \u00fcksi kaksikutest lapsi kasvatanud.<\/p>\n<p><img decoding=\"async\" src=\"https:\/\/www.europesays.com\/ee\/wp-content\/uploads\/2026\/09\/1788527475_913_4dd33c6f-721a-477a-b026-9eba6dd5f984.jpg\" loading=\"lazy\" alt=\"George Clooney ja Amal Clooney\"\/><\/p>\n<p>Clooney ja tema abikaasa juhivad heategevusorganisatsiooni, mis pakub tasuta \u00f5igusabi, et kaitsta s\u00f5navabadust ja naiste \u00f5igusi rohkem kui 40 riigis. Fondi tegevus ja George Clooney silmatorkav aktivism on teinud temast Venemaa v\u00f5imude vaenlase.<\/p>\n<p>Veel on Clooney varem avalikult t\u00fclitsenud praeguse presidendi Donald Trumpiga, kes nimetas n\u00e4itlejat oma Truth Sociali kontol \u201ev\u00f5ltsfilmin\u00e4itlejaks\u201c. Sellest tingituna otsustas Clooney t\u00e4nuk\u00f5nes oma v\u00f5imalust \u00e4ra kasutada ja kritiseeris autoriteete, kes levitavad hirmu, viidates ilmselgelt Trumpile.<\/p>\n<p>Tunnistab vananemist<\/p>\n<p>Clooney l\u00e4heb j\u00e4rjekordsele filmifestivalile vastu nostalgilises meeleolus. \u201eMa olen 65-aastane \u2013 k\u00f5ik on melanhoolne. Harjad hambaid ja m\u00f5tled: \u201eMu hambad olid varem palju paremad&#8230;K\u00f5ik on melanhoolne, mis vananemisega seotud on\u2026\u201c t\u00f5des ta.<\/p>\n<p>Vananemine aga ei ole v\u00e4hendanud Clooney elur\u00f5\u00f5mu. \u201eMa tunnen end v\u00e4ga \u00f5nnelikuna. Mul on imeline abikaasa, keda ma v\u00e4ga armastan ja kes mind armastab. Mul on suurep\u00e4rased lapsed. Ma arvan, et elu on p\u00e4ris hea,\u201c s\u00f5nas Clooney.<\/p>\n<p>N\u00e4itleja selgitas, et mida aastad edasi, seda v\u00e4hem filme lavastab ja \u00fcle\u00fcldse t\u00f6\u00f6tab, sest see r\u00f6\u00f6vib temalt v\u00e4\u00e4rtuslikku aega. \u201eMul on kaks 9-aastast last. Kui ma m\u00e4ngin filmis, siis olen kolm kuud \u00e4ra. Kui ma filmi lavastan, siis terve aasta. Ja seda ma enam teha ei saa. Ma ei saa lapsi enam koolist \u00e4ra v\u00f5tta.\u201c<\/p>\n<p>Leidis eluarmastuse<\/p>\n<p>Pikalt poissmeheeelu nautinud George Clooney kohtus abikaasa Amaliga 2013. aastal. Aasta hiljem s\u00f5udis paar Itaalias toimunud tseremoonial abieluranda. 2017. aastal s\u00fcndisid perre kaksikud Alexander ja Ella. <\/p>\n<p>Aastatel 1989-1993 oli Clooney abielus n\u00e4itlejanna Talia Balsamiga. Kooselu l\u00f5ppes, sest Clooney ei tundnud, et ta on piisavalt t\u00e4iskasvanulik, et olla hea abikaasa.<\/p>\n<p>Kuidas see lugu Sind end tundma pani?Saada<a href=\"https:\/\/kroonika.delfi.ee\/artikkel\/120608036\/foto-naitleja-george-clooney-ilmus-ule-pika-aja-seltskonda-kauni-abikaasa-seltsis\/kommentaarid\" class=\"button button--primary button--size-auto article-body-bottom__comment article-body-bottom__comment--write\" style=\"\" rel=\"nofollow noopener\" target=\"_blank\">Kommenteeri<\/a><a href=\"https:\/\/kroonika.delfi.ee\/artikkel\/120608036\/foto-naitleja-george-clooney-ilmus-ule-pika-aja-seltskonda-kauni-abikaasa-seltsis\/kommentaarid\" class=\"button button--size-auto article-body-bottom__comment article-body-bottom__comment--read\" style=\"\" rel=\"nofollow noopener\" target=\"_blank\">Loe kommentaare <\/a><\/p>\n","protected":false},"excerpt":{"rendered":"George Clooney (65) t\u00f5mbas uhke \u00fcrituse tarvis selga Giorgio Armani \u00fclikonna, samal ajal kui tema abikaasa Amal (48)&hellip;\n","protected":false},"author":2,"featured_media":268472,"comment_status":"","ping_status":"","sticky":false,"template":"","format":"standard","meta":{"footnotes":"","_share_on_mastodon":"0"},"categories":[91],"tags":[88399,240,37,33,35,173,34,36,8998,241,140],"class_list":["post-268471","post","type-post","status-publish","format-standard","has-post-thumbnail","category-kuulsused","tag-amal-clooney","tag-celebrities","tag-ee","tag-eesti","tag-eesti-keel","tag-entertainment","tag-estonia","tag-estonian","tag-george-clooney","tag-kuulsused","tag-meelelahutus"],"share_on_mastodon":{"url":"https:\/\/pubeurope.com\/@ee\/117212944198765628","error":""},"_links":{"self":[{"href":"https:\/\/www.europesays.com\/ee\/wp-json\/wp\/v2\/posts\/268471","targetHints":{"allow":["GET"]}}],"collection":[{"href":"https:\/\/www.europesays.com\/ee\/wp-json\/wp\/v2\/posts"}],"about":[{"href":"https:\/\/www.europesays.com\/ee\/wp-json\/wp\/v2\/types\/post"}],"author":[{"embeddable":true,"href":"https:\/\/www.europesays.com\/ee\/wp-json\/wp\/v2\/users\/2"}],"replies":[{"embeddable":true,"href":"https:\/\/www.europesays.com\/ee\/wp-json\/wp\/v2\/comments?post=268471"}],"version-history":[{"count":0,"href":"https:\/\/www.europesays.com\/ee\/wp-json\/wp\/v2\/posts\/268471\/revisions"}],"wp:featuredmedia":[{"embeddable":true,"href":"https:\/\/www.europesays.com\/ee\/wp-json\/wp\/v2\/media\/268472"}],"wp:attachment":[{"href":"https:\/\/www.europesays.com\/ee\/wp-json\/wp\/v2\/media?parent=268471"}],"wp:term":[{"taxonomy":"category","embeddable":true,"href":"https:\/\/www.europesays.com\/ee\/wp-json\/wp\/v2\/categories?post=268471"},{"taxonomy":"post_tag","embeddable":true,"href":"https:\/\/www.europesays.com\/ee\/wp-json\/wp\/v2\/tags?post=268471"}],"curies":[{"name":"wp","href":"https:\/\/api.w.org\/{rel}","templated":true}]}}