{"id":268475,"date":"2026-09-04T13:19:13","date_gmt":"2026-09-04T13:19:13","guid":{"rendered":"https:\/\/www.europesays.com\/ee\/268475\/"},"modified":"2026-09-04T13:19:13","modified_gmt":"2026-09-04T13:19:13","slug":"sojaraport-teet-kalmus-nuud-voib-selgelt-oelda-et-venemaa-armee-suvine-pealetungikampaania-kukkus-labi","status":"publish","type":"post","link":"https:\/\/www.europesays.com\/ee\/268475\/","title":{"rendered":"S\u00d5JARAPORT | Teet Kalmus: n\u00fc\u00fcd v\u00f5ib selgelt \u00f6elda, et Venemaa armee suvine pealetungikampaania kukkus l\u00e4bi"},"content":{"rendered":"<p>Ees ootab porine aeg ja lehtede langemine. Venelaste peamine r\u00fcnnakumeetod muutub peagi kasutuks.<\/p>\n<p>Kolmas suvekuu on l\u00e4bi ning kui v\u00f5rrelda Venemaa r\u00fcndetegevuse tulemusi eelmise suvega, siis v\u00f5ib t\u00e4navust suve nende vaatest nimetada l\u00e4bikukkumiseks, sest kui v\u00f5tta arvesse Ukraina vastur\u00fcnnakute k\u00e4igus vabastatud territooriumi, siis on k\u00fcsitav, kas Venemaa armee kokkuv\u00f5ttes \u00fcldse midagi juurde ongi suutnud okupeerida. <\/p>\n","protected":false},"excerpt":{"rendered":"Ees ootab porine aeg ja lehtede langemine. Venelaste peamine r\u00fcnnakumeetod muutub peagi kasutuks. Kolmas suvekuu on l\u00e4bi ning&hellip;\n","protected":false},"author":2,"featured_media":268476,"comment_status":"","ping_status":"","sticky":false,"template":"","format":"standard","meta":{"footnotes":"","_share_on_mastodon":"0"},"categories":[80],"tags":[26,27,37,33,35,34,36,31,32,21,28,29,95,19,25,107,2187,23,24,22,20,30,92,93,94],"class_list":["post-268475","post","type-post","status-publish","format-standard","has-post-thumbnail","category-maailm","tag-breaking-news","tag-breakingnews","tag-ee","tag-eesti","tag-eesti-keel","tag-estonia","tag-estonian","tag-featured-news","tag-featurednews","tag-headlines","tag-latest-news","tag-latestnews","tag-maailm","tag-news","tag-populaarseimad-lood","tag-soda-ukrainas","tag-sojaraport","tag-top-stories","tag-topstories","tag-uldised-uudised","tag-uudised","tag-viimased-uudised","tag-world","tag-world-news","tag-worldnews"],"share_on_mastodon":{"url":"https:\/\/pubeurope.com\/@ee\/117212975425045516","error":""},"_links":{"self":[{"href":"https:\/\/www.europesays.com\/ee\/wp-json\/wp\/v2\/posts\/268475","targetHints":{"allow":["GET"]}}],"collection":[{"href":"https:\/\/www.europesays.com\/ee\/wp-json\/wp\/v2\/posts"}],"about":[{"href":"https:\/\/www.europesays.com\/ee\/wp-json\/wp\/v2\/types\/post"}],"author":[{"embeddable":true,"href":"https:\/\/www.europesays.com\/ee\/wp-json\/wp\/v2\/users\/2"}],"replies":[{"embeddable":true,"href":"https:\/\/www.europesays.com\/ee\/wp-json\/wp\/v2\/comments?post=268475"}],"version-history":[{"count":0,"href":"https:\/\/www.europesays.com\/ee\/wp-json\/wp\/v2\/posts\/268475\/revisions"}],"wp:featuredmedia":[{"embeddable":true,"href":"https:\/\/www.europesays.com\/ee\/wp-json\/wp\/v2\/media\/268476"}],"wp:attachment":[{"href":"https:\/\/www.europesays.com\/ee\/wp-json\/wp\/v2\/media?parent=268475"}],"wp:term":[{"taxonomy":"category","embeddable":true,"href":"https:\/\/www.europesays.com\/ee\/wp-json\/wp\/v2\/categories?post=268475"},{"taxonomy":"post_tag","embeddable":true,"href":"https:\/\/www.europesays.com\/ee\/wp-json\/wp\/v2\/tags?post=268475"}],"curies":[{"name":"wp","href":"https:\/\/api.w.org\/{rel}","templated":true}]}}