{"id":268477,"date":"2026-09-04T13:20:11","date_gmt":"2026-09-04T13:20:11","guid":{"rendered":"https:\/\/www.europesays.com\/ee\/268477\/"},"modified":"2026-09-04T13:20:11","modified_gmt":"2026-09-04T13:20:11","slug":"romek-kosenkranius-%e2%9f%a9-vihmasadu-uhtus-ara-parnu-kriisikindluse","status":"publish","type":"post","link":"https:\/\/www.europesays.com\/ee\/268477\/","title":{"rendered":"ROMEK KOSENKRANIUS \u27e9 Vihmasadu uhtus \u00e4ra P\u00e4rnu kriisikindluse"},"content":{"rendered":"<p>N\u00f5us, kliima soojenemine pidigi kaasa tooma kliimamuutusi: torme, paduvihmu ja muid ekstreemseid ilmaolusid, ning eks \u00f6\u00f6sel sadama hakanud vihma kogus olnud ka selle aasta rekord. Aga kohaliku omavalitsuse seadusest tulenev \u00fclesanne on valmistuda kriisideks, reageerida ja kriisiolukorras tegelda kriisijuhtimisega.<\/p>\n<p>Reede hommik, kell hakkab saama 8.30. P\u00e4rnu upub ja inimesed on h\u00e4das, aga linnavalitsuses valitseb \u2026 vaikus.<\/p>\n","protected":false},"excerpt":{"rendered":"N\u00f5us, kliima soojenemine pidigi kaasa tooma kliimamuutusi: torme, paduvihmu ja muid ekstreemseid ilmaolusid, ning eks \u00f6\u00f6sel sadama hakanud&hellip;\n","protected":false},"author":2,"featured_media":268478,"comment_status":"","ping_status":"","sticky":false,"template":"","format":"standard","meta":{"footnotes":"","_share_on_mastodon":"0"},"categories":[12],"tags":[26,27,37,33,35,103850,34,36,31,32,103851,21,669,6997,15928,56063,28,29,19,1581,8294,1421,2369,25,17756,23,24,22,10518,20,30],"class_list":["post-268477","post","type-post","status-publish","format-standard","has-post-thumbnail","category-eesti","tag-breaking-news","tag-breakingnews","tag-ee","tag-eesti","tag-eesti-keel","tag-ekstreemne-ilm","tag-estonia","tag-estonian","tag-featured-news","tag-featurednews","tag-hadaolukorra-lahendamise-plaan","tag-headlines","tag-ilmaennustus","tag-keskkonnaagentuur","tag-kliimamuutus","tag-kriisijuhtimine","tag-latest-news","tag-latestnews","tag-news","tag-paasteamet","tag-paduvihm","tag-parnu","tag-parnu-linnavalitsus","tag-populaarseimad-lood","tag-sander-kilk","tag-top-stories","tag-topstories","tag-uldised-uudised","tag-uleujutus","tag-uudised","tag-viimased-uudised"],"share_on_mastodon":{"url":"https:\/\/pubeurope.com\/@ee\/117212979347386492","error":""},"_links":{"self":[{"href":"https:\/\/www.europesays.com\/ee\/wp-json\/wp\/v2\/posts\/268477","targetHints":{"allow":["GET"]}}],"collection":[{"href":"https:\/\/www.europesays.com\/ee\/wp-json\/wp\/v2\/posts"}],"about":[{"href":"https:\/\/www.europesays.com\/ee\/wp-json\/wp\/v2\/types\/post"}],"author":[{"embeddable":true,"href":"https:\/\/www.europesays.com\/ee\/wp-json\/wp\/v2\/users\/2"}],"replies":[{"embeddable":true,"href":"https:\/\/www.europesays.com\/ee\/wp-json\/wp\/v2\/comments?post=268477"}],"version-history":[{"count":0,"href":"https:\/\/www.europesays.com\/ee\/wp-json\/wp\/v2\/posts\/268477\/revisions"}],"wp:featuredmedia":[{"embeddable":true,"href":"https:\/\/www.europesays.com\/ee\/wp-json\/wp\/v2\/media\/268478"}],"wp:attachment":[{"href":"https:\/\/www.europesays.com\/ee\/wp-json\/wp\/v2\/media?parent=268477"}],"wp:term":[{"taxonomy":"category","embeddable":true,"href":"https:\/\/www.europesays.com\/ee\/wp-json\/wp\/v2\/categories?post=268477"},{"taxonomy":"post_tag","embeddable":true,"href":"https:\/\/www.europesays.com\/ee\/wp-json\/wp\/v2\/tags?post=268477"}],"curies":[{"name":"wp","href":"https:\/\/api.w.org\/{rel}","templated":true}]}}