{"id":268481,"date":"2026-09-04T13:29:10","date_gmt":"2026-09-04T13:29:10","guid":{"rendered":"https:\/\/www.europesays.com\/ee\/268481\/"},"modified":"2026-09-04T13:29:10","modified_gmt":"2026-09-04T13:29:10","slug":"pierre-gasly-kaotas-monaco-gp-poodiumikoha","status":"publish","type":"post","link":"https:\/\/www.europesays.com\/ee\/268481\/","title":{"rendered":"Pierre Gasly kaotas Monaco GP poodiumikoha"},"content":{"rendered":"<p>Kuna McLareni ja Red Bulli meeskonnad said Rahvusvahelise Autospordi F\u00f6deratsiooni (<a rel=\"noopener nofollow\" target=\"_blank\" href=\"https:\/\/www.delfi.ee\/teema\/24581961\/fia\" tag-id=\"24581961\">FIA<\/a>) apellatsioonikohtus v\u00f5idu, langeb Gasly Monaco etapil saadud ajakaristuse t\u00f5ttu seitsmendaks. Poodiumile kerkis Red Bulli s\u00f5itja Isack Hadjar, neljandaks t\u00f5usis McLareni s\u00f5itja Oscar Piastri ning viiendaks ja kuuendaks Racing Bullsi piloodid Liam Lawson ja Arvid Lindblad.<\/p>\n<p>Gasly \u00fcletas juuni alguses peetud Monaco etapil fini\u0161ijoone kolmandana, kuid talle m\u00e4\u00e4rati kaks viiesekundilist karistust boksialas kiiruse \u00fcletamise eest, mis kukutasid ta seitsmendaks. Alpine`i esialgse protesti j\u00e4rel sai Gasly oma poodiumikoha tagasi, sest leiti, et sensorid, millega boksitee alguses keskmist kiirust m\u00f5\u00f5deti, asusid vales kohas. K\u00f5nealune distants oli arvatust 77 cm l\u00fchem, mistap tunduski s\u00f5itjate keskmine kiirus tegelikkusest suurem.<\/p>\n<p>N\u00fc\u00fcd tehti uus otsus, kus seisab, et kuigi Gasly ei \u00fcletanud kunagi 60 km\/h piirangut l\u00fchemal distantsil, mida oli v\u00f5imalik l\u00e4bida, \u201eei saa m\u00f5\u00f5tmise parameetreid \u00fche v\u00f5istleja puhul tagasiulatuvalt muuta p\u00e4rast v\u00f5istluse l\u00e4bimist\u201c.  \u00dchtlasi leiti, et esialgne ametlik m\u00f5\u00f5tmistulemus ei pruukinud olla ebat\u00e4pne.<\/p>\n<p>Alpine`i meeskond on otsuses s\u00fcgavalt pettunud. <\/p>\n<p>\u201eUsume endiselt, et Gasly vormel ei s\u00f5itnud boksialas liiga kiiresti. Kuigi tunneme, et meid on eba\u00f5iglaselt koheldud, j\u00e4tkab meeskond meistriv\u00f5istluste nimel k\u00f5vasti t\u00f6\u00f6tamist,\u201c seisis tiimi  avalduses. <\/p>\n<p>Kuidas see lugu Sind end tundma pani?Saada<a href=\"https:\/\/sport.delfi.ee\/artikkel\/120608455\/pierre-gasly-kaotas-monaco-gp-poodiumikoha\/kommentaarid\" class=\"button button--primary button--size-auto article-body-bottom__comment article-body-bottom__comment--write\" style=\"\" rel=\"nofollow noopener\" target=\"_blank\">Kommenteeri<\/a><a href=\"https:\/\/sport.delfi.ee\/artikkel\/120608455\/pierre-gasly-kaotas-monaco-gp-poodiumikoha\/kommentaarid\" class=\"button button--size-auto article-body-bottom__comment article-body-bottom__comment--read\" style=\"\" rel=\"nofollow noopener\" target=\"_blank\">Loe kommentaare <\/a><\/p>\n","protected":false},"excerpt":{"rendered":"Kuna McLareni ja Red Bulli meeskonnad said Rahvusvahelise Autospordi F\u00f6deratsiooni (FIA) apellatsioonikohtus v\u00f5idu, langeb Gasly Monaco etapil saadud&hellip;\n","protected":false},"author":2,"featured_media":268482,"comment_status":"","ping_status":"","sticky":false,"template":"","format":"standard","meta":{"footnotes":"","_share_on_mastodon":"0"},"categories":[14],"tags":[131,130,37,33,35,34,36,3306,82983,13478,4487,81062],"class_list":["post-268481","post","type-post","status-publish","format-standard","has-post-thumbnail","category-ari","tag-ari","tag-business","tag-ee","tag-eesti","tag-eesti-keel","tag-estonia","tag-estonian","tag-fia","tag-monaco-gp","tag-pierre-gasly","tag-vormel-1","tag-vormel1"],"share_on_mastodon":{"url":"https:\/\/pubeurope.com\/@ee\/117213014507856447","error":""},"_links":{"self":[{"href":"https:\/\/www.europesays.com\/ee\/wp-json\/wp\/v2\/posts\/268481","targetHints":{"allow":["GET"]}}],"collection":[{"href":"https:\/\/www.europesays.com\/ee\/wp-json\/wp\/v2\/posts"}],"about":[{"href":"https:\/\/www.europesays.com\/ee\/wp-json\/wp\/v2\/types\/post"}],"author":[{"embeddable":true,"href":"https:\/\/www.europesays.com\/ee\/wp-json\/wp\/v2\/users\/2"}],"replies":[{"embeddable":true,"href":"https:\/\/www.europesays.com\/ee\/wp-json\/wp\/v2\/comments?post=268481"}],"version-history":[{"count":0,"href":"https:\/\/www.europesays.com\/ee\/wp-json\/wp\/v2\/posts\/268481\/revisions"}],"wp:featuredmedia":[{"embeddable":true,"href":"https:\/\/www.europesays.com\/ee\/wp-json\/wp\/v2\/media\/268482"}],"wp:attachment":[{"href":"https:\/\/www.europesays.com\/ee\/wp-json\/wp\/v2\/media?parent=268481"}],"wp:term":[{"taxonomy":"category","embeddable":true,"href":"https:\/\/www.europesays.com\/ee\/wp-json\/wp\/v2\/categories?post=268481"},{"taxonomy":"post_tag","embeddable":true,"href":"https:\/\/www.europesays.com\/ee\/wp-json\/wp\/v2\/tags?post=268481"}],"curies":[{"name":"wp","href":"https:\/\/api.w.org\/{rel}","templated":true}]}}