{"id":268487,"date":"2026-09-04T13:32:12","date_gmt":"2026-09-04T13:32:12","guid":{"rendered":"https:\/\/www.europesays.com\/ee\/268487\/"},"modified":"2026-09-04T13:32:12","modified_gmt":"2026-09-04T13:32:12","slug":"eesti-laul-2027-startis-koos-muutustega-postimees","status":"publish","type":"post","link":"https:\/\/www.europesays.com\/ee\/268487\/","title":{"rendered":"Eesti Laul 2027 startis koos muutustega &#8211; Postimees"},"content":{"rendered":"<ol>\n<li><a href=\"https:\/\/news.google.com\/rss\/articles\/CBMiggFBVV95cUxQajVEOWRKTHRJTk03Q2xRLVUtbktETFd2QWpzVktPZzRMa0Q0VkxLNGVncVd2MjdVcEZPRHhXMEFVME5Mb2J0U2FHcVQ2NHljQkxzZHkwZzBnTE5BTlV2MHJMVG1rZkVVMEZMYWdxa1Jrc3RvVVZfdG5WQmFhMTB6b25R?oc=5\" target=\"_blank\" rel=\"nofollow noopener\">Eesti Laul 2027 startis koos muutustega<\/a>&nbsp;&nbsp;Postimees<\/li>\n<li><a href=\"https:\/\/news.google.com\/rss\/articles\/CBMioAFBVV95cUxOeUdiSnRtS2xUQnJMbGlnZjcxajhFZnFJVzJSNkNTLW1RMzgxeVl5dmhtV2tRRmFwZWlkazlGSGlHWk9oQjE0dTlYZ1dydVQtdjV1RTRnLUhkcFJhLXVuUTFGa2xlZVA5VHd1ZTlzbFpTRHFhcnRjQ0Q5SlRjVXNnWDhjNVc2ZzNHYldDa1k0SlhVX1ZnN0pEUmY2R3BkUDhX?oc=5\" target=\"_blank\" rel=\"nofollow noopener\">Produtsent Riin Vann: tegime Eesti Laulu reeglites m\u00f5ned t\u00e4psustused<\/a>&nbsp;&nbsp;eeter.err.ee<\/li>\n<li><a href=\"https:\/\/news.google.com\/rss\/articles\/CBMiYEFVX3lxTE1VY3NnRkJORktnTWxFd29aUmVUV1JaMmhXRzlwQjA1YnoxLTVweU95YTJDanZLWHBYbGpmNWNHZDN1VnYxYXhGY2x3Q1RjcHZfUHdReWJrVUFZZkdzd1N1Qg?oc=5\" target=\"_blank\" rel=\"nofollow noopener\">F\u00c4NNILEHTEDE SAHINAD EI PIDANUD PAIKA: EESTI LAUL 2027 POLE VEEL AVATUD<\/a>&nbsp;&nbsp;muusikaplaneet.ee<\/li>\n<li><a href=\"https:\/\/news.google.com\/rss\/articles\/CBMiiwFBVV95cUxOMUtGQndNd2JLTVhteUdwMlFsMWZVdld6Y2lQNlozbmppT2ZzVHlWM3NjaTluVENpcno0WldLLUs5ZzVqeXVHVzVRdHpVenNKdkREX3pUVGtyYW9aMVFQbW1MUE54UUxGdjR6SUZvWW9LakpCa1UwdkNEalBjZjhOVDAtSmpOUWxrRlU0?oc=5\" target=\"_blank\" rel=\"nofollow noopener\">Riin Vann r\u00e4\u00e4gib Eesti Laulu uutest reeglimuudatustest<\/a>&nbsp;&nbsp;ERR<\/li>\n<li><a href=\"https:\/\/news.google.com\/rss\/articles\/CBMiXkFVX3lxTE1HUWlpaXFLZ2J6WEdINUVuQmRfTUVzX2I4cmRKRENOalBuQmhTbFdoWnlwYmhXOTZRSmpMb2F2c09iZzE3N0xzY1RpNEgwQ1Y2b3I1cUYxbERqVFpIU0E?oc=5\" target=\"_blank\" rel=\"nofollow noopener\">EUROVISIOONI F\u00c4NNILEHED: EESTI LAULU UUS HOOAEG ALGAB JUBA SEL N\u00c4DALAL<\/a>&nbsp;&nbsp;muusikaplaneet.ee<\/li>\n<\/ol>\n","protected":false},"excerpt":{"rendered":"Eesti Laul 2027 startis koos muutustega&nbsp;&nbsp;Postimees Produtsent Riin Vann: tegime Eesti Laulu reeglites m\u00f5ned t\u00e4psustused&nbsp;&nbsp;eeter.err.ee F\u00c4NNILEHTEDE SAHINAD EI&hellip;\n","protected":false},"author":2,"featured_media":268488,"comment_status":"","ping_status":"","sticky":false,"template":"","format":"standard","meta":{"footnotes":"","_share_on_mastodon":"0"},"categories":[5],"tags":[194,180,26,27,186,37,33,35,199,182,181,34,36,183,31,32,193,21,178,176,190,28,29,185,184,187,191,195,19,201,198,188,25,179,189,192,177,23,24,196,22,20,200,197,30],"class_list":["post-268487","post","type-post","status-publish","format-standard","has-post-thumbnail","category-uldised-uudised","tag-arhitektuur","tag-arvustus","tag-breaking-news","tag-breakingnews","tag-draamateater","tag-ee","tag-eesti","tag-eesti-keel","tag-endla","tag-esietendus","tag-esilinastus","tag-estonia","tag-estonian","tag-etendus","tag-featured-news","tag-featurednews","tag-graafika","tag-headlines","tag-kirjandus","tag-kultuur","tag-kunst","tag-latest-news","tag-latestnews","tag-lava","tag-lavastus","tag-linnateater","tag-maal","tag-naitus","tag-news","tag-novel","tag-nuku","tag-ooper","tag-populaarseimad-lood","tag-raamat","tag-rahvusooper","tag-skulptuur","tag-teater","tag-top-stories","tag-topstories","tag-ugala","tag-uldised-uudised","tag-uudised","tag-vaba-lava","tag-vanemuine","tag-viimased-uudised"],"share_on_mastodon":{"url":"","error":"Validation failed: Text character limit of 500 exceeded"},"_links":{"self":[{"href":"https:\/\/www.europesays.com\/ee\/wp-json\/wp\/v2\/posts\/268487","targetHints":{"allow":["GET"]}}],"collection":[{"href":"https:\/\/www.europesays.com\/ee\/wp-json\/wp\/v2\/posts"}],"about":[{"href":"https:\/\/www.europesays.com\/ee\/wp-json\/wp\/v2\/types\/post"}],"author":[{"embeddable":true,"href":"https:\/\/www.europesays.com\/ee\/wp-json\/wp\/v2\/users\/2"}],"replies":[{"embeddable":true,"href":"https:\/\/www.europesays.com\/ee\/wp-json\/wp\/v2\/comments?post=268487"}],"version-history":[{"count":0,"href":"https:\/\/www.europesays.com\/ee\/wp-json\/wp\/v2\/posts\/268487\/revisions"}],"wp:featuredmedia":[{"embeddable":true,"href":"https:\/\/www.europesays.com\/ee\/wp-json\/wp\/v2\/media\/268488"}],"wp:attachment":[{"href":"https:\/\/www.europesays.com\/ee\/wp-json\/wp\/v2\/media?parent=268487"}],"wp:term":[{"taxonomy":"category","embeddable":true,"href":"https:\/\/www.europesays.com\/ee\/wp-json\/wp\/v2\/categories?post=268487"},{"taxonomy":"post_tag","embeddable":true,"href":"https:\/\/www.europesays.com\/ee\/wp-json\/wp\/v2\/tags?post=268487"}],"curies":[{"name":"wp","href":"https:\/\/api.w.org\/{rel}","templated":true}]}}