{"id":268493,"date":"2026-09-04T13:41:53","date_gmt":"2026-09-04T13:41:53","guid":{"rendered":"https:\/\/www.europesays.com\/ee\/268493\/"},"modified":"2026-09-04T13:41:53","modified_gmt":"2026-09-04T13:41:53","slug":"sojaraport-rainer-saks-venelased-uritavad-meeleheitlikult-naidata-et-neilgi-on-uuemat-relvastust-delfi","status":"publish","type":"post","link":"https:\/\/www.europesays.com\/ee\/268493\/","title":{"rendered":"S\u00d5JARAPORT | Rainer Saks: venelased \u00fcritavad meeleheitlikult n\u00e4idata, et neilgi on uuemat relvastust &#8211; Delfi"},"content":{"rendered":"<ol>\n<li><a href=\"https:\/\/news.google.com\/rss\/articles\/CBMi1wFBVV95cUxPVnFicGhZYTlVLVctNXN0T25oLW1WUkUzQTMtTXpJNWlERkZSUnpFcUMyYW1XT1FSaldMMTdUTWJzQlg2el9SLUxqajZyWEJjUnNoMU1WczV4VkhjQTVRV19pdmJ4S1k5Rk56Y2g0Mk9IUVk0aXdKX1ZIODdmWHk2VHV6b1pNcGZ6YVNURVZXeFZVTzNLdXdWZWl1R29mZWlRMGQzRE4xWWxFcFpZQkp6NmNVNUN6SEdpY0xYNW8xN1RPTTltUzdjRHJySVQyWGpzcVhBVTdoYw?oc=5\" target=\"_blank\" rel=\"nofollow noopener\">S\u00d5JARAPORT | Rainer Saks: venelased \u00fcritavad meeleheitlikult n\u00e4idata, et neilgi on uuemat relvastust<\/a>&nbsp;&nbsp;Delfi<\/li>\n<li><a href=\"https:\/\/news.google.com\/rss\/articles\/CBMi2AFBVV95cUxOQk9DNFAxTktsYmdhRXlua2hkUkJSMkNWRFlDZzNYSVBRdlJTVHJfR3duS2VwYkhmVW8zX1l0dHBfXzgzM2dBRDNyeERlQU1UYTZ3Q0pSaEZ6eVg1ZVFraUVvaFIyeXJNRVptc0llMlAtT2s4UlpxNmZDdUtoZFZXeEdDeHllY0pHd0Rycmc2cE1Xa0xJUEtzTjRMTTNMMldrTjBZcGgyTThhQ0FXMG9keU92N0E1elRyV05VaW1OdnNmYk5hY1FJa0tqb3hwc1VHc0I3UHlFTVE?oc=5\" target=\"_blank\" rel=\"nofollow noopener\">\u201e\u00d5hut\u00f5rje on jamas!\u201c Venelastel on reaktiivdroonidega korda l\u00e4inud l\u00f5puks \u00fcles leida Ukraina valupunkt<\/a>&nbsp;&nbsp;Delfi<\/li>\n<li><a href=\"https:\/\/news.google.com\/rss\/articles\/CBMitgFBVV95cUxNSFprSDQ4YnZjSXQyOHdlU2F2Yk9lc2NWMTY4NEhUWUtnNEtrWEZqMVdILUhDd0hDMkRUeUQ4bGU3MnJUQmtqNHl5dWtVUFZPRjZvRVQ1cDBuVTE1dFA4YzlfYlRRR29sbnRaUWxsakdic2ZIWnVJaEtHLUI3M2dlLUw3TzN3RzNRQUFMOHJodmhtVExrSFA1bVVtaS1DWW1LZ2N5SVNSTzZDMGR2QzZHZGsxQUlxUQ?oc=5\" target=\"_blank\" rel=\"nofollow noopener\">S\u00d5JASTUUDIO Rainer Saks: sellise \u00f5hut\u00f5rjega ei saa Venemaa endale s\u00f5da NATOga lubada<\/a>&nbsp;&nbsp;Postimees TV<\/li>\n<li><a href=\"https:\/\/news.google.com\/rss\/articles\/CBMinwFBVV95cUxPeWRRYTJuVzRfY2lxWTlLTWkwTGpTelpOQjJRTnUyVzJLdm5VUnJSYXhYZ19JNWI4TmFZZDVGSkN5WVdGQVI1dy1INEphSkF3VFZSUnZVQXNVelNSSG9HeWJBTjhheWZZS0RvcEFXMU5RbjVPbUlFSElIRTZCUlZ5NkdGSjJIR1QwSUIwckFjbXlzXzFIVXlrNmVNT3dTb2M?oc=5\" target=\"_blank\" rel=\"nofollow noopener\">WSJ: Venemaa muudab Ukrainale suunatud r\u00fcnnakute taktikat<\/a>&nbsp;&nbsp;Inbox.eu<\/li>\n<li><a href=\"https:\/\/news.google.com\/rss\/articles\/CBMiiwFBVV95cUxPNC1id3dfdk1zMVV3enBZbkpoOV9MOWNKSnFxeE1YbmVSTUNiN1dNMFc4aEladzJWSEZGMnpUeFZEWDNTV2dwWTdxdjBpcUNDSUlUR3UzVGRyejUwcUx5UjlXRERoM0NiOUVXREQ2VWNfaU1pVlJ5dVRvOWhMR3M0VjRacTVLSkxsd1ZJ?oc=5\" target=\"_blank\" rel=\"nofollow noopener\">WSJ: Ukraina toetamine sunnib Venemaad l\u00e4\u00e4nt \u00e4hvardama<\/a>&nbsp;&nbsp;ERR<\/li>\n<\/ol>\n","protected":false},"excerpt":{"rendered":"S\u00d5JARAPORT | Rainer Saks: venelased \u00fcritavad meeleheitlikult n\u00e4idata, et neilgi on uuemat relvastust&nbsp;&nbsp;Delfi \u201e\u00d5hut\u00f5rje on jamas!\u201c Venelastel on&hellip;\n","protected":false},"author":2,"featured_media":268494,"comment_status":"","ping_status":"","sticky":false,"template":"","format":"standard","meta":{"footnotes":"","_share_on_mastodon":"0"},"categories":[80],"tags":[26,27,37,33,35,34,36,31,32,21,28,29,95,19,25,6989,7551,107,2187,23,24,22,20,30,92,93,94],"class_list":["post-268493","post","type-post","status-publish","format-standard","has-post-thumbnail","category-maailm","tag-breaking-news","tag-breakingnews","tag-ee","tag-eesti","tag-eesti-keel","tag-estonia","tag-estonian","tag-featured-news","tag-featurednews","tag-headlines","tag-latest-news","tag-latestnews","tag-maailm","tag-news","tag-populaarseimad-lood","tag-rainer-saks","tag-sbu","tag-soda-ukrainas","tag-sojaraport","tag-top-stories","tag-topstories","tag-uldised-uudised","tag-uudised","tag-viimased-uudised","tag-world","tag-world-news","tag-worldnews"],"share_on_mastodon":{"url":"","error":""},"_links":{"self":[{"href":"https:\/\/www.europesays.com\/ee\/wp-json\/wp\/v2\/posts\/268493","targetHints":{"allow":["GET"]}}],"collection":[{"href":"https:\/\/www.europesays.com\/ee\/wp-json\/wp\/v2\/posts"}],"about":[{"href":"https:\/\/www.europesays.com\/ee\/wp-json\/wp\/v2\/types\/post"}],"author":[{"embeddable":true,"href":"https:\/\/www.europesays.com\/ee\/wp-json\/wp\/v2\/users\/2"}],"replies":[{"embeddable":true,"href":"https:\/\/www.europesays.com\/ee\/wp-json\/wp\/v2\/comments?post=268493"}],"version-history":[{"count":0,"href":"https:\/\/www.europesays.com\/ee\/wp-json\/wp\/v2\/posts\/268493\/revisions"}],"wp:featuredmedia":[{"embeddable":true,"href":"https:\/\/www.europesays.com\/ee\/wp-json\/wp\/v2\/media\/268494"}],"wp:attachment":[{"href":"https:\/\/www.europesays.com\/ee\/wp-json\/wp\/v2\/media?parent=268493"}],"wp:term":[{"taxonomy":"category","embeddable":true,"href":"https:\/\/www.europesays.com\/ee\/wp-json\/wp\/v2\/categories?post=268493"},{"taxonomy":"post_tag","embeddable":true,"href":"https:\/\/www.europesays.com\/ee\/wp-json\/wp\/v2\/tags?post=268493"}],"curies":[{"name":"wp","href":"https:\/\/api.w.org\/{rel}","templated":true}]}}