{"id":268511,"date":"2026-09-04T14:05:49","date_gmt":"2026-09-04T14:05:49","guid":{"rendered":"https:\/\/www.europesays.com\/ee\/268511\/"},"modified":"2026-09-04T14:05:49","modified_gmt":"2026-09-04T14:05:49","slug":"eesti-inflatsioon-langes-augustis-uuele-madalpunktile-eluaseme-ja-transpordikulud-tousuteel","status":"publish","type":"post","link":"https:\/\/www.europesays.com\/ee\/268511\/","title":{"rendered":"Eesti inflatsioon langes augustis uuele madalpunktile, eluaseme- ja transpordikulud t\u00f5usuteel"},"content":{"rendered":"<p class=\"text-muted-foreground text-[15px] leading-relaxed\">Eesti aastane inflatsioon langes augustis 1,3 protsendini, m\u00e4rkides madalaimat taset alates 2021. aasta kevadest, samal ajal kui eluaseme- ja transpordikulud j\u00e4tkasid t\u00f5usu.<\/p>\n<ul class=\"space-y-3 text-[15px] leading-relaxed\">\n<li class=\"flex gap-3\">\u2014Eesti aastane inflatsioonim\u00e4\u00e4r langes augustis 1,3 protsendini, mis on madalaim tase alates 2021. aasta kevadest.<\/li>\n<li class=\"flex gap-3\">\u2014Harmoneeritud tarbijahinnaindeks (HICP) t\u00f5usis juuli ja augusti vahel 0,3 protsenti, mida vedasid eluaseme- ja transpordikulude t\u00f5us, mida osaliselt tasakaalustas toiduainete ja mittealkohoolsete jookide hindade langus.<\/li>\n<li class=\"flex gap-3\">\u2014See viimane inflatsioonin\u00e4itaja t\u00e4histab m\u00e4rkimisv\u00e4\u00e4rset aeglustumist juulis registreeritud 2,2-protsendilisest aastasest inflatsioonist.<\/li>\n<\/ul>\n","protected":false},"excerpt":{"rendered":"Eesti aastane inflatsioon langes augustis 1,3 protsendini, m\u00e4rkides madalaimat taset alates 2021. aasta kevadest, samal ajal kui eluaseme-&hellip;\n","protected":false},"author":2,"featured_media":268512,"comment_status":"","ping_status":"","sticky":false,"template":"","format":"standard","meta":{"footnotes":"","_share_on_mastodon":"0"},"categories":[14],"tags":[131,130,37,33,35,27047,34,36,813,3722,672,6488,34680],"class_list":["post-268511","post","type-post","status-publish","format-standard","has-post-thumbnail","category-ari","tag-ari","tag-business","tag-ee","tag-eesti","tag-eesti-keel","tag-eluasemekulud","tag-estonia","tag-estonian","tag-hinnad","tag-inflatsioon","tag-majandus","tag-tarbijahinnaindeks","tag-transpordikulud"],"share_on_mastodon":{"url":"https:\/\/pubeurope.com\/@ee\/117213159903487438","error":""},"_links":{"self":[{"href":"https:\/\/www.europesays.com\/ee\/wp-json\/wp\/v2\/posts\/268511","targetHints":{"allow":["GET"]}}],"collection":[{"href":"https:\/\/www.europesays.com\/ee\/wp-json\/wp\/v2\/posts"}],"about":[{"href":"https:\/\/www.europesays.com\/ee\/wp-json\/wp\/v2\/types\/post"}],"author":[{"embeddable":true,"href":"https:\/\/www.europesays.com\/ee\/wp-json\/wp\/v2\/users\/2"}],"replies":[{"embeddable":true,"href":"https:\/\/www.europesays.com\/ee\/wp-json\/wp\/v2\/comments?post=268511"}],"version-history":[{"count":0,"href":"https:\/\/www.europesays.com\/ee\/wp-json\/wp\/v2\/posts\/268511\/revisions"}],"wp:featuredmedia":[{"embeddable":true,"href":"https:\/\/www.europesays.com\/ee\/wp-json\/wp\/v2\/media\/268512"}],"wp:attachment":[{"href":"https:\/\/www.europesays.com\/ee\/wp-json\/wp\/v2\/media?parent=268511"}],"wp:term":[{"taxonomy":"category","embeddable":true,"href":"https:\/\/www.europesays.com\/ee\/wp-json\/wp\/v2\/categories?post=268511"},{"taxonomy":"post_tag","embeddable":true,"href":"https:\/\/www.europesays.com\/ee\/wp-json\/wp\/v2\/tags?post=268511"}],"curies":[{"name":"wp","href":"https:\/\/api.w.org\/{rel}","templated":true}]}}