{"id":268523,"date":"2026-09-04T14:17:28","date_gmt":"2026-09-04T14:17:28","guid":{"rendered":"https:\/\/www.europesays.com\/ee\/268523\/"},"modified":"2026-09-04T14:17:28","modified_gmt":"2026-09-04T14:17:28","slug":"miljonikingituse-skandaali-siluda-uritav-farage-on-kimpus-uue-kahtlase-annetusskeemiga","status":"publish","type":"post","link":"https:\/\/www.europesays.com\/ee\/268523\/","title":{"rendered":"Miljonikingituse skandaali siluda \u00fcritav Farage on kimpus uue kahtlase annetusskeemiga"},"content":{"rendered":"<p class=\"MsoNormal\">Hiljuti viie miljoni naelase v\u00e4idetava kingituse t\u00f5ttu skandaali sattunud Briti parempopulistliku partei Reform UK liider Nigel Farage lootis erakonna kongressiga, kus osaleb ka Prantsuse k\u00e4reparempoolsete juht Jordan Bardella, oma poliitilist mainet parandada, kuid siis ilmnes, et tema l\u00e4hedased kaast\u00f6\u00f6tajad p\u00fc\u00fcdsid hankida salaja potentsiaalselt ebaseaduslikke annetusi.<\/p>\n","protected":false},"excerpt":{"rendered":"Hiljuti viie miljoni naelase v\u00e4idetava kingituse t\u00f5ttu skandaali sattunud Briti parempopulistliku partei Reform UK liider Nigel Farage lootis&hellip;\n","protected":false},"author":2,"featured_media":268524,"comment_status":"","ping_status":"","sticky":false,"template":"","format":"standard","meta":{"footnotes":"","_share_on_mastodon":"0"},"categories":[80],"tags":[103865,26,27,90260,103864,103861,37,33,35,34,36,31,32,21,103863,26129,28,29,95,19,5274,103860,25,5275,23,24,22,20,103862,30,92,93,94],"class_list":["post-268523","post","type-post","status-publish","format-standard","has-post-thumbnail","category-maailm","tag-ben-delo","tag-breaking-news","tag-breakingnews","tag-christopher-harborne","tag-dan-jukes","tag-ebaseaduslik-annetus","tag-ee","tag-eesti","tag-eesti-keel","tag-estonia","tag-estonian","tag-featured-news","tag-featurednews","tag-headlines","tag-james-orr","tag-jordan-bardella","tag-latest-news","tag-latestnews","tag-maailm","tag-news","tag-nigel-farage","tag-poliitiline-rahastamine","tag-populaarseimad-lood","tag-reform-uk","tag-top-stories","tag-topstories","tag-uldised-uudised","tag-uudised","tag-verbatim","tag-viimased-uudised","tag-world","tag-world-news","tag-worldnews"],"share_on_mastodon":{"url":"","error":"Validation failed: Text character limit of 500 exceeded"},"_links":{"self":[{"href":"https:\/\/www.europesays.com\/ee\/wp-json\/wp\/v2\/posts\/268523","targetHints":{"allow":["GET"]}}],"collection":[{"href":"https:\/\/www.europesays.com\/ee\/wp-json\/wp\/v2\/posts"}],"about":[{"href":"https:\/\/www.europesays.com\/ee\/wp-json\/wp\/v2\/types\/post"}],"author":[{"embeddable":true,"href":"https:\/\/www.europesays.com\/ee\/wp-json\/wp\/v2\/users\/2"}],"replies":[{"embeddable":true,"href":"https:\/\/www.europesays.com\/ee\/wp-json\/wp\/v2\/comments?post=268523"}],"version-history":[{"count":0,"href":"https:\/\/www.europesays.com\/ee\/wp-json\/wp\/v2\/posts\/268523\/revisions"}],"wp:featuredmedia":[{"embeddable":true,"href":"https:\/\/www.europesays.com\/ee\/wp-json\/wp\/v2\/media\/268524"}],"wp:attachment":[{"href":"https:\/\/www.europesays.com\/ee\/wp-json\/wp\/v2\/media?parent=268523"}],"wp:term":[{"taxonomy":"category","embeddable":true,"href":"https:\/\/www.europesays.com\/ee\/wp-json\/wp\/v2\/categories?post=268523"},{"taxonomy":"post_tag","embeddable":true,"href":"https:\/\/www.europesays.com\/ee\/wp-json\/wp\/v2\/tags?post=268523"}],"curies":[{"name":"wp","href":"https:\/\/api.w.org\/{rel}","templated":true}]}}