{"id":268535,"date":"2026-09-04T14:31:13","date_gmt":"2026-09-04T14:31:13","guid":{"rendered":"https:\/\/www.europesays.com\/ee\/268535\/"},"modified":"2026-09-04T14:31:13","modified_gmt":"2026-09-04T14:31:13","slug":"ulle-madise-ja-alar-karis-arutasid-kohtumisel-uue-oiguskantsleri-otsimist","status":"publish","type":"post","link":"https:\/\/www.europesays.com\/ee\/268535\/","title":{"rendered":"\u00dclle Madise ja Alar Karis arutasid kohtumisel uue \u00f5iguskantsleri otsimist"},"content":{"rendered":"<p>Neljap\u00e4eval kohtusid Kadriorus kolmap\u00e4eval presidendiks valitud \u00f5iguskantsler \u00dclle Madise ja ametisolev president Alar Karis.<\/p>\n<p>Kui Madise ametisse astub, tuleb tal loobuda \u00f5iguskantsleri ametist. Uue \u00f5iguskantsleri isiku ettepaneku teeb riigikogule president.<\/p>\n<p>Madise lausus, et Karis arutas temaga seda k\u00fcsimust. \u201eLeidsime, et v\u00f5imalikult kiiresti tuleb riigikogule v\u00e4lja pakkuda hea juhtimiskogemusega tunnustatud \u00f5igusteadlane, kelle erapooletus, tasakaalukus ja kindlameelsus on v\u00e4ljaspoolt kahtlust,\u201c \u00fctles ta. \u201eKandidaadi saab esitada ametis olev vabariigi president.\u201c<\/p>\n<p>Eesti vabariigi p\u00f5hiseaduse j\u00e4rgi nimetab \u00f5iguskantsleri ametisse riigikogu vabariigi presidendi ettepanekul. \u00d5iguskantsleri ametiaeg kestab seitse aastat.<\/p>\n<p>Kuidas see lugu Sind end tundma pani?Saada<a href=\"https:\/\/www.delfi.ee\/artikkel\/120608479\/ulle-madise-ja-alar-karis-arutasid-kohtumisel-uue-oiguskantsleri-otsimist\/kommentaarid\" class=\"button button--primary button--size-auto article-body-bottom__comment article-body-bottom__comment--write\" style=\"\" rel=\"nofollow noopener\" target=\"_blank\">Kommenteeri<\/a><a href=\"https:\/\/www.delfi.ee\/artikkel\/120608479\/ulle-madise-ja-alar-karis-arutasid-kohtumisel-uue-oiguskantsleri-otsimist\/kommentaarid\" class=\"button button--size-auto article-body-bottom__comment article-body-bottom__comment--read\" style=\"\" rel=\"nofollow noopener\" target=\"_blank\">Loe kommentaare (9)<\/a><\/p>\n","protected":false},"excerpt":{"rendered":"Neljap\u00e4eval kohtusid Kadriorus kolmap\u00e4eval presidendiks valitud \u00f5iguskantsler \u00dclle Madise ja ametisolev president Alar Karis. Kui Madise ametisse astub,&hellip;\n","protected":false},"author":2,"featured_media":268536,"comment_status":"","ping_status":"","sticky":false,"template":"","format":"standard","meta":{"footnotes":"","_share_on_mastodon":"0"},"categories":[12],"tags":[687,679,667,26,27,673,688,663,662,37,33,35,684,683,692,34,36,31,32,208,148,21,206,668,669,381,686,677,694,691,339,680,28,29,671,672,377,690,144,678,665,19,693,676,666,25,322,664,150,695,685,159,394,682,674,675,23,24,689,222,22,20,670,681,149,30],"class_list":["post-268535","post","type-post","status-publish","format-standard","has-post-thumbnail","category-eesti","tag-ajaviide","tag-autoleht","tag-blog","tag-breaking-news","tag-breakingnews","tag-cv","tag-date","tag-defli","tag-delfi","tag-ee","tag-eesti","tag-eesti-keel","tag-ekaart","tag-email","tag-erootika","tag-estonia","tag-estonian","tag-featured-news","tag-featurednews","tag-film","tag-foto","tag-headlines","tag-horoskoop","tag-ilm","tag-ilmaennustus","tag-internet","tag-kaart","tag-kava","tag-kindlustus","tag-kinnisvara","tag-kuulutused","tag-lasteleht","tag-latest-news","tag-latestnews","tag-loto","tag-majandus","tag-mangud","tag-mobiil","tag-muusika","tag-naisteleht","tag-naljad","tag-news","tag-otsing","tag-pank","tag-pilt","tag-populaarseimad-lood","tag-raadio","tag-reklaam","tag-seks","tag-sms","tag-solo","tag-sport","tag-tarkvara","tag-tasuta","tag-too","tag-toopakkumised","tag-top-stories","tag-topstories","tag-tutvus","tag-tv","tag-uldised-uudised","tag-uudised","tag-valimised","tag-valuuta","tag-video","tag-viimased-uudised"],"share_on_mastodon":{"url":"","error":"Validation failed: Text character limit of 500 exceeded"},"_links":{"self":[{"href":"https:\/\/www.europesays.com\/ee\/wp-json\/wp\/v2\/posts\/268535","targetHints":{"allow":["GET"]}}],"collection":[{"href":"https:\/\/www.europesays.com\/ee\/wp-json\/wp\/v2\/posts"}],"about":[{"href":"https:\/\/www.europesays.com\/ee\/wp-json\/wp\/v2\/types\/post"}],"author":[{"embeddable":true,"href":"https:\/\/www.europesays.com\/ee\/wp-json\/wp\/v2\/users\/2"}],"replies":[{"embeddable":true,"href":"https:\/\/www.europesays.com\/ee\/wp-json\/wp\/v2\/comments?post=268535"}],"version-history":[{"count":0,"href":"https:\/\/www.europesays.com\/ee\/wp-json\/wp\/v2\/posts\/268535\/revisions"}],"wp:featuredmedia":[{"embeddable":true,"href":"https:\/\/www.europesays.com\/ee\/wp-json\/wp\/v2\/media\/268536"}],"wp:attachment":[{"href":"https:\/\/www.europesays.com\/ee\/wp-json\/wp\/v2\/media?parent=268535"}],"wp:term":[{"taxonomy":"category","embeddable":true,"href":"https:\/\/www.europesays.com\/ee\/wp-json\/wp\/v2\/categories?post=268535"},{"taxonomy":"post_tag","embeddable":true,"href":"https:\/\/www.europesays.com\/ee\/wp-json\/wp\/v2\/tags?post=268535"}],"curies":[{"name":"wp","href":"https:\/\/api.w.org\/{rel}","templated":true}]}}