{"id":268551,"date":"2026-09-04T14:54:14","date_gmt":"2026-09-04T14:54:14","guid":{"rendered":"https:\/\/www.europesays.com\/ee\/268551\/"},"modified":"2026-09-04T14:54:14","modified_gmt":"2026-09-04T14:54:14","slug":"aasta-olulisim-muusikavoistlus-tuleb-taas-eesti-laul-2027-startis-koos-muutustega","status":"publish","type":"post","link":"https:\/\/www.europesays.com\/ee\/268551\/","title":{"rendered":"Aasta olulisim muusikav\u00f5istlus tuleb taas: Eesti Laul 2027 startis koos muutustega"},"content":{"rendered":"<p>\u00abEesti on maailmale n\u00e4idanud, et oskame laulda ja tantsida, r\u00e4ppida ja rokkida. Millega j\u00e4rgmisena \u00fcllatame, s\u00f5ltub meie suurep\u00e4rastest autoritest ja lauljatest,\u00bb s\u00f5nas uue konkursi l\u00e4vel ERR-i elamussaadete peatoimetaja Karmel Killandi.<\/p>\n<p>Eesti Laulu konkursile saab lugusid esitada kuni 8. oktoobri keskp\u00e4evani.<\/p>\n<p>Eesti Laulu produtsent Riin Vann soovitab juba konkursile tulles m\u00f5elda, kuidas vokaalne ja lavaline pool tervikuks kokku saab. \u00abEesti Laulu eelvooru \u017e\u00fcrii hindab laule k\u00fcll pimesi, aga Eurovisioonile j\u00f5udes tuleb haarata juba miljoneid inimesi suurel laval ja sellele lavastusele peaks m\u00f5tlema kohe,\u00bb m\u00e4rkis ta.<\/p>\n<p>Eesti Laulu v\u00f5itja selgub suurel finaalkontserdil 30. jaanuaril Unibet Arenal. Finaalis osaleb 12 lugu, mille on l\u00f5ppv\u00f5istlusele valinud v\u00e4hemalt 25 liikmest koosnev \u017e\u00fcrii. Eesti Laulu v\u00f5itja selgub superfinaali j\u00f5udnud kolme laulu seast rahvah\u00e4\u00e4letuse tulemusena.<\/p>\n<p><img decoding=\"async\" class=\"figure__image\" onclick=\"triggerEvent('articleImageClick', { id: 17895892, focus: 'single-image', focusIndex: '17895892' })\" onkeydown=\"if (event.key === 'Enter') {&#10;        triggerEvent('articleImageClick', { id: 17895892, focus: 'single-image', focusIndex: '17895892' })&#10;        }\" role=\"button\" tabindex=\"0\" data-focus-from=\"single-image\" data-focus-index=\"17895892\" src=\"https:\/\/www.europesays.com\/ee\/wp-content\/uploads\/2026\/09\/17895892t1h5638.jpg\"  onload=\"this.parentElement.classList.remove('figure__image-loading')\" alt=\"Eesti Laul 2027\"\/>Eesti Laul 2027 Foto: Pressifoto<\/p>\n<p>Uuendus<\/p>\n<p>Esmakordselt annab ERR v\u00f5idulaulu autoritele v\u00f5imaluse otsustada, kas nad soovivad esindada Eestit Eurovisioonil. \u00abEurovisioon on artistile enneolematu v\u00f5imalus tutvustada end miljonite televaatajate ees, aga samas on see ka suur vastutus. Selleks, et sinna lavale minna on tarvis show k\u00fcmme korda suurema lava jaoks \u00fcksikasjalikult l\u00e4bi m\u00f5elda. See t\u00e4hendab kuhja paberite t\u00e4itmist, t\u00e4pset ajakava ja p\u00fchendumist alates nootidest, tantsusammudest kuni kleidin\u00f6\u00f6pideni. See on v\u00f5rreldav Ironmaniga, mis sarnaselt suurele triatlonile on ka arvestatav rahaline v\u00e4ljaminek. See on paar kuud tihedat t\u00f6\u00f6d, mille nimel tuleb v\u00f5ib-olla koguni mitmetest esinemistest loobuda. Oleme Eurovisioonil artistidega neid teemasid arutanud ja n\u00fc\u00fcd annamegi v\u00f5imaluse k\u00f5ik rahulikult l\u00e4bi m\u00f5elda, aga aitame nii kuis oskame ja suudame!\u00bb selgitas Karmel Killandi muutust reeglites.<\/p>\n","protected":false},"excerpt":{"rendered":"\u00abEesti on maailmale n\u00e4idanud, et oskame laulda ja tantsida, r\u00e4ppida ja rokkida. Millega j\u00e4rgmisena \u00fcllatame, s\u00f5ltub meie suurep\u00e4rastest&hellip;\n","protected":false},"author":2,"featured_media":268552,"comment_status":"","ping_status":"","sticky":false,"template":"","format":"standard","meta":{"footnotes":"","_share_on_mastodon":"0"},"categories":[5],"tags":[26,27,37,33,35,137,152,153,151,34,36,31,32,148,21,154,142,28,29,143,140,144,19,141,146,25,147,145,138,150,155,139,23,24,22,20,149,30],"class_list":["post-268551","post","type-post","status-publish","format-standard","has-post-thumbnail","category-uldised-uudised","tag-breaking-news","tag-breakingnews","tag-ee","tag-eesti","tag-eesti-keel","tag-elu","tag-elu-24","tag-elu24-ee","tag-erna-husko","tag-estonia","tag-estonian","tag-featured-news","tag-featurednews","tag-foto","tag-headlines","tag-koroonaviirus","tag-kuulsus","tag-latest-news","tag-latestnews","tag-live","tag-meelelahutus","tag-muusika","tag-news","tag-pidu","tag-pommuudis","tag-populaarseimad-lood","tag-reality","tag-saade","tag-saagim","tag-seks","tag-silvia-ilves","tag-staar","tag-top-stories","tag-topstories","tag-uldised-uudised","tag-uudised","tag-video","tag-viimased-uudised"],"share_on_mastodon":{"url":"https:\/\/pubeurope.com\/@ee\/117213349025037987","error":""},"_links":{"self":[{"href":"https:\/\/www.europesays.com\/ee\/wp-json\/wp\/v2\/posts\/268551","targetHints":{"allow":["GET"]}}],"collection":[{"href":"https:\/\/www.europesays.com\/ee\/wp-json\/wp\/v2\/posts"}],"about":[{"href":"https:\/\/www.europesays.com\/ee\/wp-json\/wp\/v2\/types\/post"}],"author":[{"embeddable":true,"href":"https:\/\/www.europesays.com\/ee\/wp-json\/wp\/v2\/users\/2"}],"replies":[{"embeddable":true,"href":"https:\/\/www.europesays.com\/ee\/wp-json\/wp\/v2\/comments?post=268551"}],"version-history":[{"count":0,"href":"https:\/\/www.europesays.com\/ee\/wp-json\/wp\/v2\/posts\/268551\/revisions"}],"wp:featuredmedia":[{"embeddable":true,"href":"https:\/\/www.europesays.com\/ee\/wp-json\/wp\/v2\/media\/268552"}],"wp:attachment":[{"href":"https:\/\/www.europesays.com\/ee\/wp-json\/wp\/v2\/media?parent=268551"}],"wp:term":[{"taxonomy":"category","embeddable":true,"href":"https:\/\/www.europesays.com\/ee\/wp-json\/wp\/v2\/categories?post=268551"},{"taxonomy":"post_tag","embeddable":true,"href":"https:\/\/www.europesays.com\/ee\/wp-json\/wp\/v2\/tags?post=268551"}],"curies":[{"name":"wp","href":"https:\/\/api.w.org\/{rel}","templated":true}]}}