{"id":268559,"date":"2026-09-04T15:05:15","date_gmt":"2026-09-04T15:05:15","guid":{"rendered":"https:\/\/www.europesays.com\/ee\/268559\/"},"modified":"2026-09-04T15:05:15","modified_gmt":"2026-09-04T15:05:15","slug":"elva-suutis-kaheksakesi-eduseisust-kinni-hoida-jalgpall","status":"publish","type":"post","link":"https:\/\/www.europesays.com\/ee\/268559\/","title":{"rendered":"Elva suutis kaheksakesi eduseisust kinni hoida | Jalgpall"},"content":{"rendered":"<p>Neljap\u00e4eva \u00f5htul peeti M\u00e4nniku peeti M\u00e4nniku staadionil kohtumine FC Elva ja FC N\u00f5mme United U21 vahel, mis l\u00f5ppes p\u00e4rast kaheksat minutit.<\/p>\n<p>Elva ja N\u00f5mme Unitedi noored l\u00e4ksid tegelikult vastamisi 30. augustil, kuid kohtuniku raske eksimuse t\u00f5ttu 88. minutil tuli kohtumise <a href=\"https:\/\/sport.err.ee\/1610125468\/harvaesinev-juhtum-eesti-jalgpalliliiga-mang-algab-88-minutist-uuesti\" target=\"_blank\" rel=\"noopener nofollow\">viimased minutid uuesti l\u00e4bi m\u00e4ngida<\/a>.<\/p>\n<p>Toona kaheksandal minutil Kevin Burovi tabamusest juhtima l\u00e4inud Elva pidi k\u00fcll m\u00e4ngima kaheksakesi, kuid pidas n\u00f5mmekate survele vastu ja realiseeris 1:0 v\u00f5idu.<\/p>\n<p>Esiliigas j\u00e4tkab liidrina 54 punkti kogunud Tartu JK Welco, kellele j\u00e4rgnevad Viimsi JK (47 p) ja Tallinna FC Flora U21 (44 p). 12. v\u00f5idu saavutanud Elva (41 p) j\u00f5udis esikolmikule l\u00e4hemale, viiendal kohal j\u00e4tkab Maardu Linnameeskond (38 p). Tabeli teises pooles on JK Tallinna Kalev (35 p), Tallinna FCI Levadia U21 (34 p), FC Tallinn (28 p), FC N\u00f5mme United U21 (27 p) ja N\u00f5mme Kalju FC U21 (22 P).<\/p>\n","protected":false},"excerpt":{"rendered":"Neljap\u00e4eva \u00f5htul peeti M\u00e4nniku peeti M\u00e4nniku staadionil kohtumine FC Elva ja FC N\u00f5mme United U21 vahel, mis l\u00f5ppes&hellip;\n","protected":false},"author":2,"featured_media":268560,"comment_status":"","ping_status":"","sticky":false,"template":"","format":"standard","meta":{"footnotes":"","_share_on_mastodon":"0"},"categories":[5],"tags":[26,27,37,33,35,34,36,3970,103878,31,32,21,15508,28,29,19,25,23,24,22,20,30],"class_list":["post-268559","post","type-post","status-publish","format-standard","has-post-thumbnail","category-uldised-uudised","tag-breaking-news","tag-breakingnews","tag-ee","tag-eesti","tag-eesti-keel","tag-estonia","tag-estonian","tag-fc-elva","tag-fc-nomme-united-u231","tag-featured-news","tag-featurednews","tag-headlines","tag-jalgpalli-esiliiga","tag-latest-news","tag-latestnews","tag-news","tag-populaarseimad-lood","tag-top-stories","tag-topstories","tag-uldised-uudised","tag-uudised","tag-viimased-uudised"],"share_on_mastodon":{"url":"https:\/\/pubeurope.com\/@ee\/117213391951033574","error":""},"_links":{"self":[{"href":"https:\/\/www.europesays.com\/ee\/wp-json\/wp\/v2\/posts\/268559","targetHints":{"allow":["GET"]}}],"collection":[{"href":"https:\/\/www.europesays.com\/ee\/wp-json\/wp\/v2\/posts"}],"about":[{"href":"https:\/\/www.europesays.com\/ee\/wp-json\/wp\/v2\/types\/post"}],"author":[{"embeddable":true,"href":"https:\/\/www.europesays.com\/ee\/wp-json\/wp\/v2\/users\/2"}],"replies":[{"embeddable":true,"href":"https:\/\/www.europesays.com\/ee\/wp-json\/wp\/v2\/comments?post=268559"}],"version-history":[{"count":0,"href":"https:\/\/www.europesays.com\/ee\/wp-json\/wp\/v2\/posts\/268559\/revisions"}],"wp:featuredmedia":[{"embeddable":true,"href":"https:\/\/www.europesays.com\/ee\/wp-json\/wp\/v2\/media\/268560"}],"wp:attachment":[{"href":"https:\/\/www.europesays.com\/ee\/wp-json\/wp\/v2\/media?parent=268559"}],"wp:term":[{"taxonomy":"category","embeddable":true,"href":"https:\/\/www.europesays.com\/ee\/wp-json\/wp\/v2\/categories?post=268559"},{"taxonomy":"post_tag","embeddable":true,"href":"https:\/\/www.europesays.com\/ee\/wp-json\/wp\/v2\/tags?post=268559"}],"curies":[{"name":"wp","href":"https:\/\/api.w.org\/{rel}","templated":true}]}}