{"id":268563,"date":"2026-09-04T15:15:09","date_gmt":"2026-09-04T15:15:09","guid":{"rendered":"https:\/\/www.europesays.com\/ee\/268563\/"},"modified":"2026-09-04T15:15:09","modified_gmt":"2026-09-04T15:15:09","slug":"hambaravi-infosusteemi-andmeleke-vois-puudutada-ka-meliva-patsiente","status":"publish","type":"post","link":"https:\/\/www.europesays.com\/ee\/268563\/","title":{"rendered":"Hambaravi infos\u00fcsteemi andmeleke v\u00f5is puudutada ka Meliva patsiente"},"content":{"rendered":"<p>Hambaravi osutajatele infos\u00fcsteemi teenust pakkuv ettev\u00f5te Innovaatik teavitas augusti l\u00f5pus politseid, et nende hallatud arvutis\u00fcsteemi on korduvalt ebaseaduslikult sisenetud ja alla laaditud patsientide isikuandmeid, sealhulgas terviseandmeid.<\/p>\n<p>Kolmap\u00e4eval peeti kuriteos kahtlustatavana kinni 45-aastane Eesti kodanik, keda eespool kirjeldatud teos kahtlustatakse. Kahtlustataval ei ole enam andmetele ligip\u00e4\u00e4su ja andmete laiem levimine \u00f5nnestus t\u00f5en\u00e4oliselt \u00e4ra hoida.<\/p>\n<p><a rel=\"noopener nofollow\" target=\"_blank\" href=\"https:\/\/www.delfi.ee\/teema\/64987354\/keskkriminaalpolitsei\" data-rel-date-range=\"[]\">Keskkriminaalpolitsei<\/a> k\u00fcberkuritegude b\u00fcroo juht <a rel=\"noopener nofollow\" target=\"_blank\" href=\"https:\/\/www.delfi.ee\/teema\/96943265\/jete-luik\" data-rel-date-range=\"[]\">Jete Luik<\/a> s\u00f5nas eile, et p\u00fchap\u00e4evase teate p\u00f5hjal oli tegemist ulatusliku andmelekkega. \u201eAlustasime kohe juhtunu uurimist, et v\u00e4lja selgitada andmelekke t\u00e4ielik ulatus ja takistada andmete edasi liikumist,\u201c s\u00f5nas Luik.<\/p>\n<p>Esialgsel hinnangul puudutas <a rel=\"noopener nofollow\" target=\"_blank\" href=\"https:\/\/www.delfi.ee\/teema\/74461011\/andmeleke\" data-rel-date-range=\"[]\">andmeleke<\/a> \u00fcle 300 Eesti tervishoiuteenuse pakkuja andmeid. Nende seas ka Melivat, kes veel Innovaatiku s\u00fcsteeme kasutab. Kui paljude patsientide andmed kahtlustatavani j\u00f5udsid, selgitab politsei v\u00e4lja kriminaalmenetluses. Seni kogutud andmetel laaditi Innovaatiku andmebaasist alla muu hulgas patsientide isikukoode, e-posti aadresse ja terviseandmeid.<\/p>\n<p>Praeguse info p\u00f5hjal tegutses kahtlustatav andmebaasis ebaseaduslikult alates juuni l\u00f5pust. Suurem osa alla laaditud andmetest puudutasid inimeste hambaravi, kuid v\u00f5isid sisaldada ka muud raviajalugu.<\/p>\n<p>Patsientidele saadetud teates m\u00e4rgib Meliva, et klientide andmed v\u00f5isid j\u00e4\u00e4da aga ka lekkest puutumata. Nimelt olid nad juba enne juhtumit alustanud Innovaatiku s\u00fcsteemist lahkumist ja patsientide andmete \u00fcleviimist.<\/p>\n<p>\u201ePraegu ei ole meil veel t\u00e4pset kinnitatud infot, kas ja millises ulatuses puudutas juhtum Meliva patsientide andmeid. Ootame Innovaatikult selle kohta infot,\u201c lausus Meliva turundus- ja kommunikatsioonijuht Rainer Laurits Delfile. \u201eKui selgub, et juhtum puudutas konkreetseid patsiente, v\u00f5tame nendega esimesel v\u00f5imalusel otse \u00fchendust.\u201c<\/p>\n<p>\u201eMeliva selgitab juhtumi asjaolusid koost\u00f6\u00f6s Innovaatiku ja p\u00e4devate asutustega,\u201c r\u00f5hutas Laurits. \u201eMeie prioriteet on saada kinnitatud info selle kohta, kas juhtum puudutas Meliva patsiente, ning vajadusel teavitada konkreetseid patsiente otse koos vajalike juhistega.\u201c<\/p>\n","protected":false},"excerpt":{"rendered":"Hambaravi osutajatele infos\u00fcsteemi teenust pakkuv ettev\u00f5te Innovaatik teavitas augusti l\u00f5pus politseid, et nende hallatud arvutis\u00fcsteemi on korduvalt ebaseaduslikult&hellip;\n","protected":false},"author":2,"featured_media":268564,"comment_status":"","ping_status":"","sticky":false,"template":"","format":"standard","meta":{"footnotes":"","_share_on_mastodon":"0"},"categories":[12],"tags":[687,679,667,26,27,673,688,663,662,37,33,35,684,683,692,34,36,31,32,208,148,21,206,668,669,381,686,677,694,691,339,680,28,29,671,672,377,690,144,678,665,19,693,676,666,25,322,664,150,695,685,159,394,682,674,675,23,24,689,222,22,20,670,681,149,30],"class_list":["post-268563","post","type-post","status-publish","format-standard","has-post-thumbnail","category-eesti","tag-ajaviide","tag-autoleht","tag-blog","tag-breaking-news","tag-breakingnews","tag-cv","tag-date","tag-defli","tag-delfi","tag-ee","tag-eesti","tag-eesti-keel","tag-ekaart","tag-email","tag-erootika","tag-estonia","tag-estonian","tag-featured-news","tag-featurednews","tag-film","tag-foto","tag-headlines","tag-horoskoop","tag-ilm","tag-ilmaennustus","tag-internet","tag-kaart","tag-kava","tag-kindlustus","tag-kinnisvara","tag-kuulutused","tag-lasteleht","tag-latest-news","tag-latestnews","tag-loto","tag-majandus","tag-mangud","tag-mobiil","tag-muusika","tag-naisteleht","tag-naljad","tag-news","tag-otsing","tag-pank","tag-pilt","tag-populaarseimad-lood","tag-raadio","tag-reklaam","tag-seks","tag-sms","tag-solo","tag-sport","tag-tarkvara","tag-tasuta","tag-too","tag-toopakkumised","tag-top-stories","tag-topstories","tag-tutvus","tag-tv","tag-uldised-uudised","tag-uudised","tag-valimised","tag-valuuta","tag-video","tag-viimased-uudised"],"share_on_mastodon":{"url":"","error":"Validation failed: Text character limit of 500 exceeded"},"_links":{"self":[{"href":"https:\/\/www.europesays.com\/ee\/wp-json\/wp\/v2\/posts\/268563","targetHints":{"allow":["GET"]}}],"collection":[{"href":"https:\/\/www.europesays.com\/ee\/wp-json\/wp\/v2\/posts"}],"about":[{"href":"https:\/\/www.europesays.com\/ee\/wp-json\/wp\/v2\/types\/post"}],"author":[{"embeddable":true,"href":"https:\/\/www.europesays.com\/ee\/wp-json\/wp\/v2\/users\/2"}],"replies":[{"embeddable":true,"href":"https:\/\/www.europesays.com\/ee\/wp-json\/wp\/v2\/comments?post=268563"}],"version-history":[{"count":0,"href":"https:\/\/www.europesays.com\/ee\/wp-json\/wp\/v2\/posts\/268563\/revisions"}],"wp:featuredmedia":[{"embeddable":true,"href":"https:\/\/www.europesays.com\/ee\/wp-json\/wp\/v2\/media\/268564"}],"wp:attachment":[{"href":"https:\/\/www.europesays.com\/ee\/wp-json\/wp\/v2\/media?parent=268563"}],"wp:term":[{"taxonomy":"category","embeddable":true,"href":"https:\/\/www.europesays.com\/ee\/wp-json\/wp\/v2\/categories?post=268563"},{"taxonomy":"post_tag","embeddable":true,"href":"https:\/\/www.europesays.com\/ee\/wp-json\/wp\/v2\/tags?post=268563"}],"curies":[{"name":"wp","href":"https:\/\/api.w.org\/{rel}","templated":true}]}}