{"id":268595,"date":"2026-09-04T16:06:17","date_gmt":"2026-09-04T16:06:17","guid":{"rendered":"https:\/\/www.europesays.com\/ee\/268595\/"},"modified":"2026-09-04T16:06:17","modified_gmt":"2026-09-04T16:06:17","slug":"narvas-algas-uheksas-station-narva-festival-muusika","status":"publish","type":"post","link":"https:\/\/www.europesays.com\/ee\/268595\/","title":{"rendered":"Narvas algas \u00fcheksas Station Narva festival | Muusika"},"content":{"rendered":"<p>Narvas algas iga-aastane muusika- ja linnafestival Station Narva. Festival toob piirilinna tuntud esinejaid meilt ja mujalt ning pakub p\u00f5nevaid muusikaelmusi kogu n\u00e4dalavahetuseks.<\/p>\n<p>\u00dcheksandat aastat toimuva festivali Station Narva s\u00fcda on ka sel aastal Narva linnuses. Kontsert tasuta linnalaval on juba alanud, varsti algab tegevus ka festivali pealaval, mis on linnuse P\u00f5hja\u00f5ues. Kokku astub kahe p\u00e4eva jooksul publiku ette \u00fcle 20 artisti.<\/p>\n<p>Tegevus linnuses kuni kesk\u00f6\u00f6ni v\u00e4hemalt, j\u00e4tkupeod Ro-Ro klubis kuni hommikuni v\u00e4lja. Nii et tegelikult oleks igast Eesti nurgast v\u00f5imalik mingiks kontserdiks kohale j\u00f5uda.<\/p>\n<p>&#8220;Ei saa vist nimetamata j\u00e4tta, et t\u00e4na siin Narva muuseumis \u00f5htu l\u00f5petab s\u00fcda\u00f6\u00f6 paiku selline trip-hop&#8217;i legend Tricky. Lisaks veel t\u00e4navuse aasta Eesti fenomenaalne edub\u00e4nd SADU ja kindlasti tasub k\u00f5rv peale panna ka meie noortele moodsa elektroonilise muusika produtsentidele Luurel Varas ja Boipepperoni, kes on v\u00f5ib-olla avalikult, v\u00f5ib-olla salalikult poolte Eesti Spotify esik\u00fcmne hittide autor,&#8221; r\u00e4\u00e4kis festivali programmi kuraator Ingrid Kohtla &#8220;Aktuaalsele kaamerale&#8221;.<\/p>\n<p>&#8220;Peale s\u00fcda\u00f6\u00f6d saab Ro-Ro klubis n\u00e4ha Eesti uue p\u00f5lvkonna ilmselt k\u00f5ige vingemat punkb\u00e4ndi Skoone ja ka uut alternatiivmuusika tegelast S\u00e4de Semperit,&#8221; lisas Kohtla.<\/p>\n<p>T\u00e4navusel festivalil astuvad \u00fcles veel Propeller, T\u00f5nu Naissoo, Havryl Sydoryk, Mariin K., Malla, GusGus, Alika, Eik, Mihkel Kuusk, Planeet jt.<\/p>\n<p>Festival kestab p\u00fchap\u00e4eva, 6. oktoobrini.<\/p>\n","protected":false},"excerpt":{"rendered":"Narvas algas iga-aastane muusika- ja linnafestival Station Narva. Festival toob piirilinna tuntud esinejaid meilt ja mujalt ning pakub&hellip;\n","protected":false},"author":2,"featured_media":268596,"comment_status":"","ping_status":"","sticky":false,"template":"","format":"standard","meta":{"footnotes":"","_share_on_mastodon":"0"},"categories":[16],"tags":[5219,37,33,35,173,34,36,23707,140,2841,31812,31791],"class_list":["post-268595","post","type-post","status-publish","format-standard","has-post-thumbnail","category-meelelahutus","tag-boipepperoni","tag-ee","tag-eesti","tag-eesti-keel","tag-entertainment","tag-estonia","tag-estonian","tag-luurel-varas","tag-meelelahutus","tag-skoone","tag-station-narva","tag-tricky"],"share_on_mastodon":{"url":"https:\/\/pubeurope.com\/@ee\/117213631803546306","error":""},"_links":{"self":[{"href":"https:\/\/www.europesays.com\/ee\/wp-json\/wp\/v2\/posts\/268595","targetHints":{"allow":["GET"]}}],"collection":[{"href":"https:\/\/www.europesays.com\/ee\/wp-json\/wp\/v2\/posts"}],"about":[{"href":"https:\/\/www.europesays.com\/ee\/wp-json\/wp\/v2\/types\/post"}],"author":[{"embeddable":true,"href":"https:\/\/www.europesays.com\/ee\/wp-json\/wp\/v2\/users\/2"}],"replies":[{"embeddable":true,"href":"https:\/\/www.europesays.com\/ee\/wp-json\/wp\/v2\/comments?post=268595"}],"version-history":[{"count":0,"href":"https:\/\/www.europesays.com\/ee\/wp-json\/wp\/v2\/posts\/268595\/revisions"}],"wp:featuredmedia":[{"embeddable":true,"href":"https:\/\/www.europesays.com\/ee\/wp-json\/wp\/v2\/media\/268596"}],"wp:attachment":[{"href":"https:\/\/www.europesays.com\/ee\/wp-json\/wp\/v2\/media?parent=268595"}],"wp:term":[{"taxonomy":"category","embeddable":true,"href":"https:\/\/www.europesays.com\/ee\/wp-json\/wp\/v2\/categories?post=268595"},{"taxonomy":"post_tag","embeddable":true,"href":"https:\/\/www.europesays.com\/ee\/wp-json\/wp\/v2\/tags?post=268595"}],"curies":[{"name":"wp","href":"https:\/\/api.w.org\/{rel}","templated":true}]}}