{"id":268601,"date":"2026-09-04T16:11:20","date_gmt":"2026-09-04T16:11:20","guid":{"rendered":"https:\/\/www.europesays.com\/ee\/268601\/"},"modified":"2026-09-04T16:11:20","modified_gmt":"2026-09-04T16:11:20","slug":"politico-kallas-voitleb-plaaniga-lammutada-el-i-diplomaatiline-teenistus-valismaa","status":"publish","type":"post","link":"https:\/\/www.europesays.com\/ee\/268601\/","title":{"rendered":"Politico: Kallas v\u00f5itleb plaaniga lammutada EL-i diplomaatiline teenistus | V\u00e4lismaa"},"content":{"rendered":"<p>Euroopa Liidu k\u00f5rge v\u00e4lisesindaja Kaja Kallas peab kulisside taga v\u00f5itlust Prantsuse-Saksa plaaniga, mis n\u00e4eb ette tema juhitava diplomaatiline teenistuse reformimist. Kallas otsib toetust liikmesriikide pealinnadest ning t\u00f6\u00f6tab uue peasekret\u00e4ri abiga v\u00e4lja alternatiivseid reformikavasid, kirjutab Politico.<\/p>\n<p>Veel esmasp\u00e4eval kirjutas Politico, kuidas \u00fcmberkorraldused annaksid Kallasele v\u00f5imu juurde. N\u00e4dala jooksul hakkasid aga Kallas ja tema liitlased v\u00e4ljendama, et \u00fcmberkorraldused v\u00f5ivad hoopis anda president Ursula von der Leyeni juhitud Euroopa Komisjonile suurema kontrolli bloki v\u00e4lispoliitika \u00fcle.<\/p>\n<p>Kallas p\u00fc\u00fcab veenda EL-i valitsusi, et \u00fchenduse v\u00e4lispoliitika probleemid tulenevad \u00fcheh\u00e4\u00e4lsuse n\u00f5udest ja aluslepingute puudulikust rakendamisest, mitte praegusest institutsionaalsest korraldusest, r\u00e4\u00e4kisid kolm plaanidega kursis olevat EL-i ametnikku.<\/p>\n<p>15 aastat tegutsenud Euroopa v\u00e4listeenistust (EEAS) on langenud kriitika alla, kuna ei vasta enam praegustele vajadustele.<\/p>\n<p>Venemaa s\u00f5da Ukraina vastu, USA president Donald Trumpi n\u00f5udmised Euroopale, L\u00e4his-Ida konflikt ja \u00fcha vastanduvam Hiina panevad proovile EL-i tegutsemisv\u00f5ime rahvusvahelisel areenil. Samuti laiendab Euroopa Komisjon oma rolli v\u00e4lispoliitikas, samas kui Berliin survestab j\u00e4rgmise pikaajalise eelarve l\u00e4bir\u00e4\u00e4kimiste taustal EL-i tegevuskulusid k\u00e4rpima.<\/p>\n<p>&#8220;Kui minu kohal on keegi, kes tegelikult otsuseid langetab, siis see ei toimi,&#8221; \u00fctles Kallas kolmap\u00e4eval ajakirjanikele p\u00e4rast EL-i v\u00e4lisministrite arutelu Iirimaal Wicklow&#8217;s.<\/p>\n<p>\u00dcks diplomaat m\u00e4rkis Prantsuse-Saksa plaane kommenteerides, et Kallas tahab kogu protsessi edasi l\u00fckata, sest ta ei taha alluda von der Leyenile. Teise diplomaadi s\u00f5nul soovitakse, et see teema \u00fcldse p\u00e4evakorrast kaoks.<\/p>\n<p>Vastuseisu viiakse ellu peamiselt v\u00e4listeenistuse uue peasekret\u00e4ri Kajsa Ollongreni kaudu, kes on k\u00fclastanud EL-i pealinnu, et arutada liikmesriikide valitsustega reformiettepanekuid.<\/p>\n<p>Ametnike ja \u00fche EL-i diplomaadi s\u00f5nul annab Ollongren ringreisi tulemustest \u00fclevaate sel n\u00e4dalal toimuval v\u00e4listeenistuse \u00fcldkoosolekul, kus Kallas teda ka ametlikult esitleb.<\/p>\n<p>\u00dche ametniku s\u00f5nul teeb Ollongren eeldatavasti ettepaneku luua nn vanemate n\u00f5ukogu ehk t\u00f6\u00f6r\u00fchm, mis hakkab vaagima v\u00f5imalikke sisereforme.<\/p>\n<p>T\u00f6\u00f6r\u00fchma kuuluks ka v\u00e4listeenistuse endine peasekret\u00e4r Bel\u00e9n Mart\u00ednez Carbonell, kes l\u00fckkas edasi EL-i Mehhiko delegatsiooni juhi ametisse asumise, et Ollongrenile n\u00f5u anda. Ametnike ja diplomaadi s\u00f5nul osaleb r\u00fchma t\u00f6\u00f6s samuti v\u00e4listeenistuse k\u00f5rge ametnik Charles Fries.<\/p>\n<p>Selle sammuga soovitakse anda v\u00e4listeenistusele suurem kontroll reformiarutelu \u00fcle. See arutelu v\u00f5ib m\u00e4\u00e4rata, kas teenistus j\u00e4\u00e4b EL-i v\u00e4lispoliitika aparaadis eraldiseisvaks osaks v\u00f5i integreeritakse see tihedamalt Euroopa Komisjoniga.<\/p>\n<p>Politicole teadaolevas dokumendis esitatud Prantsuse-Saksa plaanid n\u00e4evad ette suure osa v\u00e4listeenistuse t\u00f6\u00f6tajate viimist Euroopa Komisjoni alluvusse. Kuigi plaanid n\u00f5uavad Kallase formaalse rolli tugevdamist, n\u00e4evad liitlased ohtu, et need annavad von der Leyeni komisjonile v\u00e4lispoliitika \u00fcle suurema kontrolli.<\/p>\n<p>Praegu paikneb v\u00e4listeenistus Euroopa Liidu N\u00f5ukogu ja Euroopa Komisjoni vahel: Kallas teeb n\u00f5ukogus, kus langetatakse v\u00e4lispoliitilisi otsuseid, koost\u00f6\u00f6d liikmesriikide valitsustega, samas kui v\u00e4listeenistus koordineerib komisjoniga oma tegevust.<\/p>\n<p>Kallas v\u00e4ljendas kolmap\u00e4eval plaanide osas muret, m\u00e4rkides, et EL-i v\u00e4lisministrite enamik on institutsionaalsele muudatusele vastu.<\/p>\n<p>Viimastel p\u00e4evadel allkirjastasid 11 liikmesriiki, sealhulgas Prantsusmaa ja Saksamaa, lisaks v\u00e4listeenistust puudutavale Prantsuse-Saksa aruteludokumendile ka Kallasele suunatud avaliku kirja, milles n\u00f5utakse EL-i v\u00e4lispoliitikas t\u00f5husamat otsuste langetamist.<\/p>\n<p>Kiri pakub v\u00e4lja v\u00f5imaluse minna v\u00e4lis- ja julgeolekupoliitilistes otsustes valikuliselt \u00fcle kvalifitseeritud h\u00e4\u00e4lteenamuse kasutamisele. Praegu n\u00f5uab iga sellise teemaga seotud otsus \u00fcheh\u00e4\u00e4lset toetust. Varem on see viinud t\u00f5siste seisakuteni n\u00e4iteks Ungari peaministri Viktor Orb\u00e1ni tegevuse t\u00f5ttu, kes seisis vastu EL-i toetusele Ukrainale.<\/p>\n<p>Olles n\u00f5us eesm\u00e4rgiga muuta EL-i v\u00e4lispoliitika operatiivsemaks ja tagada \u00fchenduse huvide parem kaitse, v\u00e4itis Kallas kolmap\u00e4eval, et lahendus peitub EL-i aluslepingute ja \u00f5igusaktide rakendamises. Need annavad talle teoreetiliselt j\u00e4relevalve\u00f5iguse komisjoni v\u00e4lispoliitika \u00fcksuste \u00fcle, ilma et oleks vaja ulatuslikke reforme.<\/p>\n<p>&#8220;Probleem ei ole aluslepingutes ega institutsionaalses korralduses,&#8221; s\u00f5nas Kallas. &#8220;Probleem on nende rakendamises.&#8221;<\/p>\n","protected":false},"excerpt":{"rendered":"Euroopa Liidu k\u00f5rge v\u00e4lisesindaja Kaja Kallas peab kulisside taga v\u00f5itlust Prantsuse-Saksa plaaniga, mis n\u00e4eb ette tema juhitava diplomaatiline&hellip;\n","protected":false},"author":2,"featured_media":268602,"comment_status":"","ping_status":"","sticky":false,"template":"","format":"standard","meta":{"footnotes":"","_share_on_mastodon":"0"},"categories":[5],"tags":[26,27,117,37,18890,33,35,34,36,2337,28188,31,32,21,1639,28,29,19,25,52,51,23,24,22,3943,20,5843,30],"class_list":["post-268601","post","type-post","status-publish","format-standard","has-post-thumbnail","category-uldised-uudised","tag-breaking-news","tag-breakingnews","tag-brussel","tag-ee","tag-eeas","tag-eesti","tag-eesti-keel","tag-estonia","tag-estonian","tag-euroopa-komisjon","tag-euroopa-liidu-valisteenistus","tag-featured-news","tag-featurednews","tag-headlines","tag-kaja-kallas","tag-latest-news","tag-latestnews","tag-news","tag-populaarseimad-lood","tag-prantsusmaa","tag-saksamaa","tag-top-stories","tag-topstories","tag-uldised-uudised","tag-ursula-von-der-leyen","tag-uudised","tag-valispoliitika","tag-viimased-uudised"],"share_on_mastodon":{"url":"https:\/\/pubeurope.com\/@ee\/117213651373625194","error":""},"_links":{"self":[{"href":"https:\/\/www.europesays.com\/ee\/wp-json\/wp\/v2\/posts\/268601","targetHints":{"allow":["GET"]}}],"collection":[{"href":"https:\/\/www.europesays.com\/ee\/wp-json\/wp\/v2\/posts"}],"about":[{"href":"https:\/\/www.europesays.com\/ee\/wp-json\/wp\/v2\/types\/post"}],"author":[{"embeddable":true,"href":"https:\/\/www.europesays.com\/ee\/wp-json\/wp\/v2\/users\/2"}],"replies":[{"embeddable":true,"href":"https:\/\/www.europesays.com\/ee\/wp-json\/wp\/v2\/comments?post=268601"}],"version-history":[{"count":0,"href":"https:\/\/www.europesays.com\/ee\/wp-json\/wp\/v2\/posts\/268601\/revisions"}],"wp:featuredmedia":[{"embeddable":true,"href":"https:\/\/www.europesays.com\/ee\/wp-json\/wp\/v2\/media\/268602"}],"wp:attachment":[{"href":"https:\/\/www.europesays.com\/ee\/wp-json\/wp\/v2\/media?parent=268601"}],"wp:term":[{"taxonomy":"category","embeddable":true,"href":"https:\/\/www.europesays.com\/ee\/wp-json\/wp\/v2\/categories?post=268601"},{"taxonomy":"post_tag","embeddable":true,"href":"https:\/\/www.europesays.com\/ee\/wp-json\/wp\/v2\/tags?post=268601"}],"curies":[{"name":"wp","href":"https:\/\/api.w.org\/{rel}","templated":true}]}}